{"id":5802,"date":"2025-04-06T11:48:11","date_gmt":"2025-04-06T09:48:11","guid":{"rendered":"https:\/\/adretmorvan.org\/?p=5802"},"modified":"2025-04-06T11:48:12","modified_gmt":"2025-04-06T09:48:12","slug":"morvan-demarchage-abusif-aupres-des-proprietaires-forestiers","status":"publish","type":"post","link":"https:\/\/adretmorvan.org\/index.php\/2025\/04\/06\/morvan-demarchage-abusif-aupres-des-proprietaires-forestiers\/","title":{"rendered":"Morvan : D\u00e9marchage abusif aupr\u00e8s des propri\u00e9taires forestiers"},"content":{"rendered":"\n<p>L&#8217;association Autun Morvan \u00c9cologie, l&#8217;association Sauvegarde du Massif d&#8217;Uchon (SaMU)<br>et les membres du Collectif SOS For\u00eat Bourgogne* engag\u00e9s dans la d\u00e9fense et la<br>pr\u00e9servation des for\u00eats souhaitent alerter les propri\u00e9taires forestiers sur certaines<br>pratiques de d\u00e9marchage observ\u00e9es r\u00e9cemment.<br>Nous avons \u00e9t\u00e9 inform\u00e9s de d\u00e9marchages insistants aupr\u00e8s de petits propri\u00e9taires<br>forestiers, utilisant des arguments parfois trompeurs. L&#8217;objectif de ces d\u00e9marchages est<br>soit l&#8217;acquisition de for\u00eats, soit la proposition de coupes de bois. Les discours tenus aupr\u00e8s<br>des propri\u00e9taires \u00e9voquent notamment le projet d&#8217;extension des zones Natura 2000 comme<br>une future contrainte qui emp\u00eacherait les propri\u00e9taires de g\u00e9rer librement leurs arbres et<br>for\u00eats. De plus, il est souvent pr\u00e9tendu que les for\u00eats sont en mauvais \u00e9tat, incitant ainsi \u00e0<br>une exploitation rapide et intensive.<br>Ces pratiques mensong\u00e8res peuvent induire en erreur les propri\u00e9taires, souvent<br>vuln\u00e9rables face \u00e0 des informations alarmistes. Si un terme n\u2019est pas mis \u00e0 ces<br>comportements, nous craignons une multiplication de d\u00e9cisions pr\u00e9cipit\u00e9es, telles que<br>des coupes \u00e0 blanc, au d\u00e9triment d\u2019une gestion sylvicole durable respectueuse des for\u00eats<br>et des \u00e9cosyst\u00e8mes forestiers.<br>Nous appelons \u00e0 la vigilance et encourageons les propri\u00e9taires \u00e0 se renseigner aupr\u00e8s des<br>services comp\u00e9tents** et des organisations locales de protection de la for\u00eat avant de<br>prendre des d\u00e9cisions concernant leurs parcelles.<br>Nous demandons au Parlement &#8211; \u00e0 nos d\u00e9put\u00e9s et s\u00e9nateurs &#8211; de mettre fin au cumul et<br>conflit d&#8217;int\u00e9r\u00eat entre les activit\u00e9s de gestion des for\u00eats et de commercialisation du bois.<br>Une gestion foresti\u00e8re responsable et \u00e9clair\u00e9e est indispensable pour pr\u00e9server la sant\u00e9 et<br>la r\u00e9silience de nos for\u00eats, et pour prot\u00e9ger notre patrimoine naturel et paysager et nos puits<br>de carbone naturels.<\/p>\n\n\n\n<p>* Adeny, Adret Morvan, Arpent, FNE Bourgogne, GF du Chat Sauvage, GF de Sauvegarde<br>des feuillus du Morvan, La Bresseille, Les amis de notre for\u00eat au Duc, le Snupfen, Yonne<br>Nature Environnement.<br>** CRPF (Centre R\u00e9gionale de la Propri\u00e9t\u00e9 Foresti\u00e8re), Parc du Morvan<\/p>\n\n\n\n<figure class=\"wp-block-image size-full\"><img fetchpriority=\"high\" decoding=\"async\" width=\"577\" height=\"107\" src=\"https:\/\/adretmorvan.org\/wp-content\/uploads\/2025\/04\/logos.-communique.jpg\" alt=\"\" class=\"wp-image-5803\" srcset=\"https:\/\/adretmorvan.org\/wp-content\/uploads\/2025\/04\/logos.-communique.jpg 577w, https:\/\/adretmorvan.org\/wp-content\/uploads\/2025\/04\/logos.-communique-300x56.jpg 300w\" sizes=\"(max-width: 577px) 100vw, 577px\" \/><\/figure>\n","protected":false},"excerpt":{"rendered":"<p>L&#8217;association Autun Morvan \u00c9cologie, l&#8217;association Sauvegarde du Massif d&#8217;Uchon (SaMU)et les membres du Collectif SOS For\u00eat Bourgogne* engag\u00e9s dans la d\u00e9fense et lapr\u00e9servation des for\u00eats souhaitent alerter les propri\u00e9taires forestiers&#8230;<\/p>\n","protected":false},"author":10,"featured_media":5753,"comment_status":"closed","ping_status":"closed","sticky":false,"template":"","format":"standard","meta":{"footnotes":""},"categories":[29],"tags":[24,27,97],"class_list":["post-5802","post","type-post","status-publish","format-standard","has-post-thumbnail","hentry","category-forets-du-morvan","tag-coupe-rase","tag-foret","tag-morvan"],"_links":{"self":[{"href":"https:\/\/adretmorvan.org\/index.php\/wp-json\/wp\/v2\/posts\/5802","targetHints":{"allow":["GET"]}}],"collection":[{"href":"https:\/\/adretmorvan.org\/index.php\/wp-json\/wp\/v2\/posts"}],"about":[{"href":"https:\/\/adretmorvan.org\/index.php\/wp-json\/wp\/v2\/types\/post"}],"author":[{"embeddable":true,"href":"https:\/\/adretmorvan.org\/index.php\/wp-json\/wp\/v2\/users\/10"}],"replies":[{"embeddable":true,"href":"https:\/\/adretmorvan.org\/index.php\/wp-json\/wp\/v2\/comments?post=5802"}],"version-history":[{"count":1,"href":"https:\/\/adretmorvan.org\/index.php\/wp-json\/wp\/v2\/posts\/5802\/revisions"}],"predecessor-version":[{"id":5804,"href":"https:\/\/adretmorvan.org\/index.php\/wp-json\/wp\/v2\/posts\/5802\/revisions\/5804"}],"wp:featuredmedia":[{"embeddable":true,"href":"https:\/\/adretmorvan.org\/index.php\/wp-json\/wp\/v2\/media\/5753"}],"wp:attachment":[{"href":"https:\/\/adretmorvan.org\/index.php\/wp-json\/wp\/v2\/media?parent=5802"}],"wp:term":[{"taxonomy":"category","embeddable":true,"href":"https:\/\/adretmorvan.org\/index.php\/wp-json\/wp\/v2\/categories?post=5802"},{"taxonomy":"post_tag","embeddable":true,"href":"https:\/\/adretmorvan.org\/index.php\/wp-json\/wp\/v2\/tags?post=5802"}],"curies":[{"name":"wp","href":"https:\/\/api.w.org\/{rel}","templated":true}]}}