{"id":5627,"date":"2024-12-04T22:36:33","date_gmt":"2024-12-04T21:36:33","guid":{"rendered":"https:\/\/adretmorvan.org\/?p=5627"},"modified":"2024-12-04T22:36:36","modified_gmt":"2024-12-04T21:36:36","slug":"emberlificotage-agrivoltaique","status":"publish","type":"post","link":"https:\/\/adretmorvan.org\/index.php\/2024\/12\/04\/emberlificotage-agrivoltaique\/","title":{"rendered":"Emberlificotage \u00ab\u00a0agrivolta\u00efque\u00a0\u00bb"},"content":{"rendered":"\n<p><strong>suivit de la tribune sign\u00e9e par 380 organisations nationales, r\u00e9gionales et locales,\u00a0dont Adret Morvan<\/strong>.<\/p>\n\n\n\n<p>L&#8217;histoire de \u00ab&nbsp;l&#8217; agrivolta\u00efsme&nbsp;\u00bb est celle d&#8217;un coup marketing visant \u00e0 s&#8217;accaparer du foncier, sous couvert de d\u00e9carbonatation. Une histoire de publicitaires d&#8217;autant plus pernicieuse qu&#8217;elle s&#8217;est pr\u00e9sent\u00e9e durant pr\u00e8s de dix ann\u00e9es comme \u00e9manant d&#8217;un organisme public, l&#8217;Inrae. Mais comme l&#8217;a expliqu\u00e9 justement dans un entretien la charg\u00e9e Enr de la Chambre d&#8217;agriculture des Pyr\u00e9n\u00e9es-orientales, \u00ab&nbsp;l&#8217;agrivoltaisme&nbsp;\u00bb est juste une question de s\u00e9mantique<a class=\"\"><sup class=\"\">1<\/sup><\/a>, une histoire de confusions volontairement gard\u00e9es quant aux significations multiples que prendra ce mot&nbsp;; permettant \u00e0 des industriels de faire croire en des soi-disant bienfaits pour l&#8217;agriculture que procureraient des tonnes de m\u00e9tal \u00e0 l&#8217;hectare.<\/p>\n\n\n\n<p>Un concept marketing n\u00e9 en 2009, qui a pour carburant premier la tentative de distinction d&#8217; un \u00ab\u00a0autre photovolta\u00efque sur les terres\u00a0\u00bb, d\u00e8s lors consid\u00e9r\u00e9 comme vulgaire. Une arnaque dans laquelle se sont engouffr\u00e9s une dizaine d&#8217;ann\u00e9e plus tard les syndicats agro-industriels\u00a0: FNSEA et Coordination rurale, ainsi que des <a class=\"\" href=\"http:\/\/xn--lu-9ia.es\/\" target=\"_blank\" rel=\"noreferrer noopener\">\u00e9lu.es<\/a> EELV, socialistes et communistes lors du d\u00e9bat sur la loi d\u2019acc\u00e9l\u00e9ration des \u00e9nergies renouvelables en 2023. Pourtant l&#8217;encadrement est un miroir aux alouettes visant \u00e0 faire oublier que ce concept, s&#8217;adaptant aux oppositions, se doit de rester flou pour perdurer. D&#8217;ailleurs, S-A Pinet, DG du lobby France Agrivolta\u00efsme d\u00e9clarait qu&#8217;il <em><strong>\u00ab<\/strong><\/em><em>\u00a0ne faut pas s&#8217;enfermer dans des grilles et des crit\u00e8res trop contraignants et trop exigus par rapport \u00e0 l&#8217;\u00e9volution in\u00e9vitable de la fili\u00e8re\u00a0<\/em>\u00bb<a class=\"\"><sup class=\"\">2<\/sup><\/a>.<\/p>\n\n\n<div class=\"wp-block-image\">\n<figure class=\"aligncenter size-full\"><img fetchpriority=\"high\" decoding=\"async\" width=\"900\" height=\"412\" src=\"https:\/\/adretmorvan.org\/wp-content\/uploads\/2024\/02\/7.jpg\" alt=\"\" class=\"wp-image-4991\" srcset=\"https:\/\/adretmorvan.org\/wp-content\/uploads\/2024\/02\/7.jpg 900w, https:\/\/adretmorvan.org\/wp-content\/uploads\/2024\/02\/7-300x137.jpg 300w, https:\/\/adretmorvan.org\/wp-content\/uploads\/2024\/02\/7-768x352.jpg 768w\" sizes=\"(max-width: 900px) 100vw, 900px\" \/><\/figure><\/div>\n\n\n<p><\/p>\n\n\n\n<p>Et c&#8217;est par une rh\u00e9torique, elle bien pr\u00e9cise, que ces projets prosp\u00e8rent, usant de trois leviers argumentaires principaux permettant aux industriels de louvoyer avec leur concept depuis quinze ann\u00e9es. Et dans leur hubris de production, les voil\u00e0 qu&#8217;ils remettent en cause, \u00e0 coup de larmes de crocodiles, les potentiels des surfaces d\u00e9j\u00e0 artificialis\u00e9es qui pourraient \u00eatre recouvertes sans toucher aux terres agricoles, naturelles et foresti\u00e8res. Mais leurs larmes sont cot\u00e9es en bourse et l&#8217;absence de volont\u00e9 politique de l\u2019\u00c9tat en fait monter les cours. Et bien que les superficies des d\u00e9partements de l&#8217;Essonne ou celle de l&#8217;Ari\u00e8ge soient revendiqu\u00e9es comme \u00e9tant \u00e0 recouvrir, quelle que soit l&#8217;issue, \u00ab\u00a0l&#8217;agrivolta\u00efsme\u00a0\u00bb pourrait aussi se comparer aux perturbateurs endocriniens, ce n&#8217;est pas tant leur nombre qui cr\u00e9e le d\u00e9sordre.<\/p>\n\n\n\n<p>Face \u00e0 ce flou, un discours clair a \u00e9merg\u00e9 en septembre 2022. Aujourd&#8217;hui ce sont 380 organisations nationales, r\u00e9gionales et locales qui signant une tribune, qui \u00e0 coup de proc\u00e9dures, ou d&#8217;autres via des sabotages, se mobilisent contre ces installations industrielles, afin de d\u00e9fendre ce qui reste de parcelles de beaut\u00e9.      <a href=\"https:\/\/ccaves.org\/blog\/wp-content\/uploads\/Emberlificotage-agrivoltaique-nov-24.pdf\" data-type=\"link\" data-id=\"https:\/\/ccaves.org\/blog\/wp-content\/uploads\/Emberlificotage-agrivoltaique-nov-24.pdf\">Lire la suite<\/a><\/p>\n\n\n\n<p><strong>Et pour lire la tribune dont nous sommes signataires, cliquez <a href=\"https:\/\/ccaves.org\/blog\/wp-content\/uploads\/tribune-manifeste-declaration-coordo-pv-20-novembre-2024-1.pdf\" data-type=\"link\" data-id=\"https:\/\/ccaves.org\/blog\/wp-content\/uploads\/tribune-manifeste-declaration-coordo-pv-20-novembre-2024-1.pdf\">ici<\/a><\/strong>.<\/p>\n","protected":false},"excerpt":{"rendered":"<p>suivit de la tribune sign\u00e9e par 380 organisations nationales, r\u00e9gionales et locales,\u00a0dont Adret Morvan. L&#8217;histoire de \u00ab&nbsp;l&#8217; agrivolta\u00efsme&nbsp;\u00bb est celle d&#8217;un coup marketing visant \u00e0 s&#8217;accaparer du foncier, sous couvert&#8230;<\/p>\n","protected":false},"author":10,"featured_media":4990,"comment_status":"closed","ping_status":"closed","sticky":false,"template":"","format":"standard","meta":{"footnotes":""},"categories":[171,173,32],"tags":[28,18],"class_list":["post-5627","post","type-post","status-publish","format-standard","has-post-thumbnail","hentry","category-agrivoltaisme","category-agrivoltaisme-energie","category-energie","tag-luttes","tag-photovoltaique"],"_links":{"self":[{"href":"https:\/\/adretmorvan.org\/index.php\/wp-json\/wp\/v2\/posts\/5627","targetHints":{"allow":["GET"]}}],"collection":[{"href":"https:\/\/adretmorvan.org\/index.php\/wp-json\/wp\/v2\/posts"}],"about":[{"href":"https:\/\/adretmorvan.org\/index.php\/wp-json\/wp\/v2\/types\/post"}],"author":[{"embeddable":true,"href":"https:\/\/adretmorvan.org\/index.php\/wp-json\/wp\/v2\/users\/10"}],"replies":[{"embeddable":true,"href":"https:\/\/adretmorvan.org\/index.php\/wp-json\/wp\/v2\/comments?post=5627"}],"version-history":[{"count":3,"href":"https:\/\/adretmorvan.org\/index.php\/wp-json\/wp\/v2\/posts\/5627\/revisions"}],"predecessor-version":[{"id":5630,"href":"https:\/\/adretmorvan.org\/index.php\/wp-json\/wp\/v2\/posts\/5627\/revisions\/5630"}],"wp:featuredmedia":[{"embeddable":true,"href":"https:\/\/adretmorvan.org\/index.php\/wp-json\/wp\/v2\/media\/4990"}],"wp:attachment":[{"href":"https:\/\/adretmorvan.org\/index.php\/wp-json\/wp\/v2\/media?parent=5627"}],"wp:term":[{"taxonomy":"category","embeddable":true,"href":"https:\/\/adretmorvan.org\/index.php\/wp-json\/wp\/v2\/categories?post=5627"},{"taxonomy":"post_tag","embeddable":true,"href":"https:\/\/adretmorvan.org\/index.php\/wp-json\/wp\/v2\/tags?post=5627"}],"curies":[{"name":"wp","href":"https:\/\/api.w.org\/{rel}","templated":true}]}}