{"id":5587,"date":"2024-10-29T12:11:06","date_gmt":"2024-10-29T11:11:06","guid":{"rendered":"https:\/\/adretmorvan.org\/?p=5587"},"modified":"2024-10-29T12:11:08","modified_gmt":"2024-10-29T11:11:08","slug":"les-invertebres-en-foret-un-monde-a-part","status":"publish","type":"post","link":"https:\/\/adretmorvan.org\/index.php\/2024\/10\/29\/les-invertebres-en-foret-un-monde-a-part\/","title":{"rendered":"Les invert\u00e9br\u00e9s en for\u00eat, un monde \u00e0 part"},"content":{"rendered":"\n<p><strong>Les insectes repr\u00e9sentent 84&nbsp;% des esp\u00e8ces animales recens\u00e9es en France hexagonale. Ils sont le principal pilier d&#8217;une biodiversit\u00e9 qui s&#8217;effondre et pourtant, qui est capable d&#8217;en reconna\u00eetre plus d&#8217;une dizaine ? <\/strong>Pire : ils sont souvent per\u00e7us comme des ennemis. Depuis que les \u00e9pic\u00e9as tombent en masse, les insectes forestiers semblent r\u00e9duits au seul ph\u00e9nom\u00e8ne de prolif\u00e9ration et \u00e0 un caract\u00e8re &#8220;nuisible&#8221;. Mais le scolyte typographe n&#8217;est que l&#8217;une des 10&nbsp;000 esp\u00e8ces d&#8217;insectes d\u00e9pendantes en tout ou partie de la for\u00eat et des arbres&#8230; et r\u00e9ciproquement.<\/p>\n\n\n\n<p><strong>Adret Morvan a \u00e9t\u00e9 heureuse d&#8217;accueillir Mathurin Carnet, entomologiste et responsable du p\u00f4le Invert\u00e9br\u00e9s de la SHNA, pour une session de d\u00e9couverte des insectes et des autres invert\u00e9br\u00e9s forestiers.<\/strong> <\/p>\n\n\n<div class=\"wp-block-image\">\n<figure class=\"aligncenter size-full\"><img fetchpriority=\"high\" decoding=\"async\" width=\"540\" height=\"391\" src=\"https:\/\/adretmorvan.org\/wp-content\/uploads\/2024\/10\/M.-Carnet.jpg\" alt=\"\" class=\"wp-image-5591\" srcset=\"https:\/\/adretmorvan.org\/wp-content\/uploads\/2024\/10\/M.-Carnet.jpg 540w, https:\/\/adretmorvan.org\/wp-content\/uploads\/2024\/10\/M.-Carnet-300x217.jpg 300w\" sizes=\"(max-width: 540px) 100vw, 540px\" \/><\/figure><\/div>\n\n\n<p>\u00c0 l&#8217;issue de trois heures de balade en for\u00eat et apr\u00e8s avoir secou\u00e9 des branchages, tamis\u00e9 des feuilles mortes et soulev\u00e9 quelques souches \u00e0 la recherche des habitants m\u00e9connus de notre for\u00eat morvandelle, nous avons pu observer la vie indispensable au maintient d&#8217;un sol forestier riche : minuscules insectes, petits vers translucides, araign\u00e9es press\u00e9es&#8230; Mathurin Carnet nous les a longuement pr\u00e9sent\u00e9s et a r\u00e9pondu \u00e0 nos questions : leurs noms, leur cycle de vie, la taille de leur habitat, leurs interactions entre eux et avec d&#8217;autres composantes de nos bois, leur r\u00f4le dans le fonctionnement de la for\u00eat et le maintien de sa biodiversit\u00e9&#8230; Et aussi leur lien avec l&#8217;\u00e9tat de sant\u00e9 de notre \u00e9cosyst\u00e8me. Nous avons maintenant une vision un peu plus claire de tout cela.<\/p>\n\n\n<div class=\"wp-block-image\">\n<figure class=\"aligncenter size-full is-resized\"><img decoding=\"async\" width=\"800\" height=\"600\" src=\"https:\/\/adretmorvan.org\/wp-content\/uploads\/2024\/10\/Collembole.jpg\" alt=\"\" class=\"wp-image-5592\" style=\"width:523px;height:auto\" srcset=\"https:\/\/adretmorvan.org\/wp-content\/uploads\/2024\/10\/Collembole.jpg 800w, https:\/\/adretmorvan.org\/wp-content\/uploads\/2024\/10\/Collembole-300x225.jpg 300w, https:\/\/adretmorvan.org\/wp-content\/uploads\/2024\/10\/Collembole-768x576.jpg 768w\" sizes=\"(max-width: 800px) 100vw, 800px\" \/><\/figure><\/div>\n\n\n<p>Pour aider \u00e0 identifier et \u00e0 recenser les insectes que nous observons en Morvan (comme le petit Collembole photographi\u00e9 ci-dessus), n&#8217;h\u00e9sitez pas \u00e0 transmettre vos photos d&#8217;insectes prises dans la for\u00eat \u00e0 la <a href=\"https:\/\/www.shna-ofab.fr\/\">SHNA (Soci\u00e9t\u00e9 d&#8217;Histoire Naturelle d&#8217;Autun).<\/a><\/p>\n","protected":false},"excerpt":{"rendered":"<p>Les insectes repr\u00e9sentent 84&nbsp;% des esp\u00e8ces animales recens\u00e9es en France hexagonale. Ils sont le principal pilier d&#8217;une biodiversit\u00e9 qui s&#8217;effondre et pourtant, qui est capable d&#8217;en reconna\u00eetre plus d&#8217;une dizaine&#8230;<\/p>\n","protected":false},"author":10,"featured_media":5588,"comment_status":"closed","ping_status":"closed","sticky":false,"template":"","format":"standard","meta":{"footnotes":""},"categories":[131,29],"tags":[117,27,97],"class_list":["post-5587","post","type-post","status-publish","format-standard","has-post-thumbnail","hentry","category-biodiversite","category-forets-du-morvan","tag-biodiversite","tag-foret","tag-morvan"],"_links":{"self":[{"href":"https:\/\/adretmorvan.org\/index.php\/wp-json\/wp\/v2\/posts\/5587","targetHints":{"allow":["GET"]}}],"collection":[{"href":"https:\/\/adretmorvan.org\/index.php\/wp-json\/wp\/v2\/posts"}],"about":[{"href":"https:\/\/adretmorvan.org\/index.php\/wp-json\/wp\/v2\/types\/post"}],"author":[{"embeddable":true,"href":"https:\/\/adretmorvan.org\/index.php\/wp-json\/wp\/v2\/users\/10"}],"replies":[{"embeddable":true,"href":"https:\/\/adretmorvan.org\/index.php\/wp-json\/wp\/v2\/comments?post=5587"}],"version-history":[{"count":3,"href":"https:\/\/adretmorvan.org\/index.php\/wp-json\/wp\/v2\/posts\/5587\/revisions"}],"predecessor-version":[{"id":5593,"href":"https:\/\/adretmorvan.org\/index.php\/wp-json\/wp\/v2\/posts\/5587\/revisions\/5593"}],"wp:featuredmedia":[{"embeddable":true,"href":"https:\/\/adretmorvan.org\/index.php\/wp-json\/wp\/v2\/media\/5588"}],"wp:attachment":[{"href":"https:\/\/adretmorvan.org\/index.php\/wp-json\/wp\/v2\/media?parent=5587"}],"wp:term":[{"taxonomy":"category","embeddable":true,"href":"https:\/\/adretmorvan.org\/index.php\/wp-json\/wp\/v2\/categories?post=5587"},{"taxonomy":"post_tag","embeddable":true,"href":"https:\/\/adretmorvan.org\/index.php\/wp-json\/wp\/v2\/tags?post=5587"}],"curies":[{"name":"wp","href":"https:\/\/api.w.org\/{rel}","templated":true}]}}