{"id":5461,"date":"2024-07-31T12:30:57","date_gmt":"2024-07-31T10:30:57","guid":{"rendered":"https:\/\/adretmorvan.org\/?p=5461"},"modified":"2024-07-31T12:30:58","modified_gmt":"2024-07-31T10:30:58","slug":"alerte-sur-les-forets","status":"publish","type":"post","link":"https:\/\/adretmorvan.org\/index.php\/2024\/07\/31\/alerte-sur-les-forets\/","title":{"rendered":"Alerte sur les for\u00eats !"},"content":{"rendered":"\n<p>Le collectif <a href=\"https:\/\/www.postindustrialanimism.net\/\">Postindustrial Animism<\/a>, membre de SOS For\u00eat France, a publi\u00e9 un fanzine de huit pages pour expliquer comment les choix industriels de la transition \u00e9nerg\u00e9tique met en danger les for\u00eats. Il le met gracieusement \u00e0 disposition en t\u00e9l\u00e9chargement. Diffusez-le autour de vous !<\/p>\n\n\n\n<p><a href=\"https:\/\/sosforetfrance.org\/index.php\/2024\/07\/09\/alerte-sur-les-forets-un-fanzine-a-telecharger\/\" data-type=\"link\" data-id=\"https:\/\/sosforetfrance.org\/index.php\/2024\/07\/09\/alerte-sur-les-forets-un-fanzine-a-telecharger\/\">Lire la suite<\/a><\/p>\n","protected":false},"excerpt":{"rendered":"<p>Le collectif Postindustrial Animism, membre de SOS For\u00eat France, a publi\u00e9 un fanzine de huit pages pour expliquer comment les choix industriels de la transition \u00e9nerg\u00e9tique met en danger les&#8230;<\/p>\n","protected":false},"author":10,"featured_media":5462,"comment_status":"closed","ping_status":"closed","sticky":false,"template":"","format":"standard","meta":{"footnotes":""},"categories":[3,30],"tags":[101,27],"class_list":["post-5461","post","type-post","status-publish","format-standard","has-post-thumbnail","hentry","category-actions","category-forets","tag-ecologie","tag-foret"],"_links":{"self":[{"href":"https:\/\/adretmorvan.org\/index.php\/wp-json\/wp\/v2\/posts\/5461","targetHints":{"allow":["GET"]}}],"collection":[{"href":"https:\/\/adretmorvan.org\/index.php\/wp-json\/wp\/v2\/posts"}],"about":[{"href":"https:\/\/adretmorvan.org\/index.php\/wp-json\/wp\/v2\/types\/post"}],"author":[{"embeddable":true,"href":"https:\/\/adretmorvan.org\/index.php\/wp-json\/wp\/v2\/users\/10"}],"replies":[{"embeddable":true,"href":"https:\/\/adretmorvan.org\/index.php\/wp-json\/wp\/v2\/comments?post=5461"}],"version-history":[{"count":1,"href":"https:\/\/adretmorvan.org\/index.php\/wp-json\/wp\/v2\/posts\/5461\/revisions"}],"predecessor-version":[{"id":5463,"href":"https:\/\/adretmorvan.org\/index.php\/wp-json\/wp\/v2\/posts\/5461\/revisions\/5463"}],"wp:featuredmedia":[{"embeddable":true,"href":"https:\/\/adretmorvan.org\/index.php\/wp-json\/wp\/v2\/media\/5462"}],"wp:attachment":[{"href":"https:\/\/adretmorvan.org\/index.php\/wp-json\/wp\/v2\/media?parent=5461"}],"wp:term":[{"taxonomy":"category","embeddable":true,"href":"https:\/\/adretmorvan.org\/index.php\/wp-json\/wp\/v2\/categories?post=5461"},{"taxonomy":"post_tag","embeddable":true,"href":"https:\/\/adretmorvan.org\/index.php\/wp-json\/wp\/v2\/tags?post=5461"}],"curies":[{"name":"wp","href":"https:\/\/api.w.org\/{rel}","templated":true}]}}