{"id":5331,"date":"2024-06-09T12:17:47","date_gmt":"2024-06-09T10:17:47","guid":{"rendered":"https:\/\/adretmorvan.org\/?p=5331"},"modified":"2024-06-14T10:27:17","modified_gmt":"2024-06-14T08:27:17","slug":"adret-morvan-a-gueret-le-dimanche-30-juin-2024","status":"publish","type":"post","link":"https:\/\/adretmorvan.org\/index.php\/2024\/06\/09\/adret-morvan-a-gueret-le-dimanche-30-juin-2024\/","title":{"rendered":"Adret Morvan \u00e0 Gu\u00e9ret"},"content":{"rendered":"\n<p class=\"has-vivid-red-color has-text-color has-link-color has-medium-font-size wp-elements-c2b870a1b779f8bea020e73b93ee992e\"><strong>Attention, suite aux \u00e9lections l\u00e9gislatives, la date du rassemblement a chang\u00e9, ce sera cet automne<\/strong><\/p>\n\n\n\n<p class=\"has-medium-font-size\"><strong>Joignez-vous au rassemblement qui aura lieu \u00e0 Gu\u00e9ret contre l\u2019installation de l\u2019usine de granul\u00e9s Biosyl, l\u2019extension en m\u00e9ga-scierie de Farges-Piveteau \u00e0 \u00c9gletons. <\/strong><\/p>\n\n\n\n<p>En Limousin, deux grand projets entendent acc\u00e9l\u00e9rer les coupes et favorisent la logique de la coupe rase suivie de la plantation, destructrice des \u00e9cosyst\u00e8mes forestiers.<\/p>\n\n\n\n<p>L\u2019usine Farges Bois \u00e0 \u00c9gletons veut s\u2019\u00e9tendre pour doubler sa production et devenir la plus grande scierie de France. \u00c0 ce titre, elle accentue la pression de coupe sur les plantations r\u00e9sineuses de la montagne limousine \u00e0 un rythme qui exc\u00e8de le renouvellement de la ressource.<\/p>\n\n\n\n<p>Les m\u00e9ga-scieries sont donc plus que jamais d&#8217;actualit\u00e9. Fid\u00e8le \u00e0 sa lutte fondatrice contre le projet Erscia, <strong>Adret Morvan se mobilise pour soutenir le collectif &#8220;M\u00e9ga-Scierie Non Merci&#8221;que nous avions rencontr\u00e9 et participer au rassemblement de Gu\u00e9ret. <\/strong><\/p>\n\n\n\n<div class=\"wp-block-media-text is-stacked-on-mobile\"><figure class=\"wp-block-media-text__media\"><img fetchpriority=\"high\" decoding=\"async\" width=\"736\" height=\"390\" src=\"https:\/\/adretmorvan.org\/wp-content\/uploads\/2024\/06\/forets_vivantes.jpg\" alt=\"\" class=\"wp-image-5333 size-full\" srcset=\"https:\/\/adretmorvan.org\/wp-content\/uploads\/2024\/06\/forets_vivantes.jpg 736w, https:\/\/adretmorvan.org\/wp-content\/uploads\/2024\/06\/forets_vivantes-300x159.jpg 300w\" sizes=\"(max-width: 736px) 100vw, 736px\" \/><\/figure><div class=\"wp-block-media-text__content\">\n<p>Programme :<\/p>\n\n\n\n<ul class=\"wp-block-list\">\n<li>10h : Conf\u00e9rence de presse sur le site de Biosyl<\/li>\n\n\n\n<li>12h : Pique-nique festif au Jardin des Communs<\/li>\n\n\n\n<li>14h : D\u00e9part de manifestation<\/li>\n<\/ul>\n<\/div><\/div>\n\n\n\n<p><strong>Si vous souhaitez participer au rassemblement avec Adret Morvan, merci de vous inscrire via le formulaire ci-dessous, afin de faciliter nos \u00e9changes et de vous transmettre toutes les informations n\u00e9cessaires \u00e0 l&#8217;organisation de cette journ\u00e9e.<\/strong><\/p>\n\n\n  \n  \n  <div class=\"\n    mailpoet_form_popup_overlay\n      \"><\/div>\n  <div\n    id=\"mailpoet_form_5\"\n    class=\"\n      mailpoet_form\n      mailpoet_form_html\n      mailpoet_form_position_\n      mailpoet_form_animation_\n    \"\n      >\n\n    <style type=\"text\/css\">\n     #mailpoet_form_5 .mailpoet_form {  }\n#mailpoet_form_5 .mailpoet_column_with_background { padding: 10px; }\n#mailpoet_form_5 .mailpoet_form_column:not(:first-child) { margin-left: 20px; }\n#mailpoet_form_5 .mailpoet_paragraph { line-height: 20px; margin-bottom: 20px; }\n#mailpoet_form_5 .mailpoet_segment_label, #mailpoet_form_5 .mailpoet_text_label, #mailpoet_form_5 .mailpoet_textarea_label, #mailpoet_form_5 .mailpoet_select_label, #mailpoet_form_5 .mailpoet_radio_label, #mailpoet_form_5 .mailpoet_checkbox_label, #mailpoet_form_5 .mailpoet_list_label, #mailpoet_form_5 .mailpoet_date_label { display: block; font-weight: normal; }\n#mailpoet_form_5 .mailpoet_text, #mailpoet_form_5 .mailpoet_textarea, #mailpoet_form_5 .mailpoet_select, #mailpoet_form_5 .mailpoet_date_month, #mailpoet_form_5 .mailpoet_date_day, #mailpoet_form_5 .mailpoet_date_year, #mailpoet_form_5 .mailpoet_date { display: block; }\n#mailpoet_form_5 .mailpoet_text, #mailpoet_form_5 .mailpoet_textarea { width: 200px; }\n#mailpoet_form_5 .mailpoet_checkbox {  }\n#mailpoet_form_5 .mailpoet_submit {  }\n#mailpoet_form_5 .mailpoet_divider {  }\n#mailpoet_form_5 .mailpoet_message {  }\n#mailpoet_form_5 .mailpoet_form_loading { width: 30px; text-align: center; line-height: normal; }\n#mailpoet_form_5 .mailpoet_form_loading > span { width: 5px; height: 5px; background-color: #5b5b5b; }#mailpoet_form_5{border-radius: 0px;background: #b5fdc5;text-align: left;}#mailpoet_form_5 form.mailpoet_form {padding: 20px;}#mailpoet_form_5{width: 100%;}#mailpoet_form_5 .mailpoet_message {margin: 0; padding: 0 20px;}#mailpoet_form_5 .mailpoet_paragraph.last {margin-bottom: 0} @media (max-width: 500px) {#mailpoet_form_5 {background: #b5fdc5;}} @media (min-width: 500px) {#mailpoet_form_5 .last .mailpoet_paragraph:last-child {margin-bottom: 0}}  @media (max-width: 500px) {#mailpoet_form_5 .mailpoet_form_column:last-child .mailpoet_paragraph:last-child {margin-bottom: 0}} \n    <\/style>\n\n    <form\n      target=\"_self\"\n      method=\"post\"\n      action=\"https:\/\/adretmorvan.org\/wp-admin\/admin-post.php?action=mailpoet_subscription_form\"\n      class=\"mailpoet_form mailpoet_form_form mailpoet_form_html\"\n      novalidate\n      data-delay=\"\"\n      data-exit-intent-enabled=\"\"\n      data-font-family=\"\"\n      data-cookie-expiration-time=\"\"\n    >\n      <input type=\"hidden\" name=\"data[form_id]\" value=\"5\" \/>\n      <input type=\"hidden\" name=\"token\" value=\"fad13dc668\" \/>\n      <input type=\"hidden\" name=\"api_version\" value=\"v1\" \/>\n      <input type=\"hidden\" name=\"endpoint\" value=\"subscribers\" \/>\n      <input type=\"hidden\" name=\"mailpoet_method\" value=\"subscribe\" \/>\n\n      <label class=\"mailpoet_hp_email_label\" style=\"display: none !important;\">Veuillez laisser ce champ vide<input type=\"email\" name=\"data[email]\"\/><\/label><h2 class=\"mailpoet-heading  mailpoet-has-background-color\" style=\"text-align: left; background-color: #ffffff\">Participation \u00e0 la manifestation \u00e0 Gu\u00e9ret le 30 juin<\/h2>\n<div class=\"mailpoet_paragraph \"><input type=\"email\" autocomplete=\"email\" class=\"mailpoet_text\" id=\"form_email_5\" name=\"data[form_field_YjU2NDI5MWI0MGFhX2VtYWls]\" title=\"Adresse e-mail\" value=\"\" style=\"width:100%;box-sizing:border-box;padding:5px;margin: 0 auto 0 0;\" data-automation-id=\"form_email\"  placeholder=\"Adresse e-mail *\" aria-label=\"Adresse e-mail *\" data-parsley-errors-container=\".mailpoet_error_pk3lp\" data-parsley-required=\"true\" required aria-required=\"true\" data-parsley-minlength=\"6\" data-parsley-maxlength=\"150\" data-parsley-type-message=\"Cette valeur doit \u00eatre un e-mail valide.\" data-parsley-required-message=\"Ce champ est n\u00e9cessaire.\"\/><span class=\"mailpoet_error_pk3lp\"><\/span><\/div>\n<div class=\"mailpoet_paragraph \"><input type=\"text\" autocomplete=\"family-name\" class=\"mailpoet_text\" id=\"form_last_name_5\" name=\"data[form_field_MGIzNTlhYjBmNTdjX2xhc3RfbmFtZQ==]\" title=\"Nom\" value=\"\" style=\"width:100%;box-sizing:border-box;padding:5px;margin: 0 auto 0 0;\" data-automation-id=\"form_last_name\"  placeholder=\"Nom *\" aria-label=\"Nom *\" data-parsley-errors-container=\".mailpoet_error_2r2wm\" data-parsley-names='[&quot;Veuillez sp\u00e9cifier un nom valide.&quot;,&quot;Les adresses dans les noms ne sont pas autoris\u00e9es, veuillez ajouter votre nom \u00e0 la place.&quot;]' data-parsley-required=\"true\" required aria-required=\"true\" data-parsley-required-message=\"Ce champ est n\u00e9cessaire.\"\/><span class=\"mailpoet_error_2r2wm\"><\/span><\/div>\n<div class=\"mailpoet_paragraph \"><input type=\"text\" autocomplete=\"given-name\" class=\"mailpoet_text\" id=\"form_first_name_5\" name=\"data[form_field_ZmM0ZmI0MzMzNGM5X2ZpcnN0X25hbWU=]\" title=\"Pr\u00e9nom\" value=\"\" style=\"width:100%;box-sizing:border-box;padding:5px;margin: 0 auto 0 0;\" data-automation-id=\"form_first_name\"  placeholder=\"Pr\u00e9nom *\" aria-label=\"Pr\u00e9nom *\" data-parsley-errors-container=\".mailpoet_error_7911u\" data-parsley-names='[&quot;Veuillez sp\u00e9cifier un nom valide.&quot;,&quot;Les adresses dans les noms ne sont pas autoris\u00e9es, veuillez ajouter votre nom \u00e0 la place.&quot;]' data-parsley-required=\"true\" required aria-required=\"true\" data-parsley-required-message=\"Ce champ est n\u00e9cessaire.\"\/><span class=\"mailpoet_error_7911u\"><\/span><\/div>\n<div class=\"mailpoet_paragraph \"><input type=\"text\" autocomplete=\"on\" class=\"mailpoet_text\" id=\"form_5_5\" name=\"data[cf_5]\" title=\"Telephone\" value=\"\" style=\"width:100%;box-sizing:border-box;padding:5px;margin: 0 auto 0 0;\"   placeholder=\"Telephone\" aria-label=\"Telephone\" data-parsley-errors-container=\".mailpoet_error_32l4k\" data-parsley-pattern=\"^[\\d\\+\\-\\.\\(\\)\\\/\\s]*$\" data-parsley-error-message=\"Veuillez sp\u00e9cifier un num\u00e9ro de t\u00e9l\u00e9phone valide.\"\/><span class=\"mailpoet_error_32l4k\"><\/span><\/div>\n<div class=\"mailpoet_recaptcha\" data-sitekey=\"6LeMZ_oZAAAAAJ9ekSEFsorGFHaGFD33DNsVYSan\" data-size=\"invisible\">\n      <div class=\"mailpoet_recaptcha_container\"><\/div>\n      <noscript>\n        <div>\n          <div class=\"mailpoet_recaptcha_noscript_container\">\n            <div>\n              <iframe src=\"https:\/\/www.google.com\/recaptcha\/api\/fallback?k=6LeMZ_oZAAAAAJ9ekSEFsorGFHaGFD33DNsVYSan\" frameborder=\"0\" scrolling=\"no\">\n              <\/iframe>\n            <\/div>\n          <\/div>\n          <div class=\"mailpoet_recaptcha_noscript_input\">\n            <textarea id=\"g-recaptcha-response\" name=\"data[recaptcha]\" class=\"g-recaptcha-response\">\n            <\/textarea>\n          <\/div>\n        <\/div>\n      <\/noscript>\n      <input class=\"mailpoet_recaptcha_field\" type=\"hidden\" name=\"recaptchaWidgetId\">\n    <\/div><div class=\"mailpoet_paragraph \"><input type=\"submit\" class=\"mailpoet_submit\" value=\"Je m\u2019inscris\u00a0!\" data-automation-id=\"subscribe-submit-button\" style=\"width:100%;box-sizing:border-box;padding:5px;margin: 0 auto 0 0;border-color:transparent;\" \/><span class=\"mailpoet_form_loading\"><span class=\"mailpoet_bounce1\"><\/span><span class=\"mailpoet_bounce2\"><\/span><span class=\"mailpoet_bounce3\"><\/span><\/span><\/div>\n\n      <div class=\"mailpoet_message\">\n        <p class=\"mailpoet_validate_success\"\n                style=\"display:none;\"\n                >V\u00e9rifiez votre boite de r\u00e9ception ou votre r\u00e9pertoire d\u2019ind\u00e9sirables pour confirmer votre abonnement.\n        <\/p>\n        <p class=\"mailpoet_validate_error\"\n                style=\"display:none;\"\n                >        <\/p>\n      <\/div>\n    <\/form>\n\n      <\/div>\n\n  ","protected":false},"excerpt":{"rendered":"<p>Attention, suite aux \u00e9lections l\u00e9gislatives, la date du rassemblement a chang\u00e9, ce sera cet automne Joignez-vous au rassemblement qui aura lieu \u00e0 Gu\u00e9ret contre l\u2019installation de l\u2019usine de granul\u00e9s Biosyl,&#8230;<\/p>\n","protected":false},"author":10,"featured_media":5332,"comment_status":"closed","ping_status":"closed","sticky":false,"template":"","format":"standard","meta":{"footnotes":""},"categories":[3],"tags":[24,101,27,28],"class_list":["post-5331","post","type-post","status-publish","format-standard","has-post-thumbnail","hentry","category-actions","tag-coupe-rase","tag-ecologie","tag-foret","tag-luttes"],"_links":{"self":[{"href":"https:\/\/adretmorvan.org\/index.php\/wp-json\/wp\/v2\/posts\/5331","targetHints":{"allow":["GET"]}}],"collection":[{"href":"https:\/\/adretmorvan.org\/index.php\/wp-json\/wp\/v2\/posts"}],"about":[{"href":"https:\/\/adretmorvan.org\/index.php\/wp-json\/wp\/v2\/types\/post"}],"author":[{"embeddable":true,"href":"https:\/\/adretmorvan.org\/index.php\/wp-json\/wp\/v2\/users\/10"}],"replies":[{"embeddable":true,"href":"https:\/\/adretmorvan.org\/index.php\/wp-json\/wp\/v2\/comments?post=5331"}],"version-history":[{"count":7,"href":"https:\/\/adretmorvan.org\/index.php\/wp-json\/wp\/v2\/posts\/5331\/revisions"}],"predecessor-version":[{"id":5349,"href":"https:\/\/adretmorvan.org\/index.php\/wp-json\/wp\/v2\/posts\/5331\/revisions\/5349"}],"wp:featuredmedia":[{"embeddable":true,"href":"https:\/\/adretmorvan.org\/index.php\/wp-json\/wp\/v2\/media\/5332"}],"wp:attachment":[{"href":"https:\/\/adretmorvan.org\/index.php\/wp-json\/wp\/v2\/media?parent=5331"}],"wp:term":[{"taxonomy":"category","embeddable":true,"href":"https:\/\/adretmorvan.org\/index.php\/wp-json\/wp\/v2\/categories?post=5331"},{"taxonomy":"post_tag","embeddable":true,"href":"https:\/\/adretmorvan.org\/index.php\/wp-json\/wp\/v2\/tags?post=5331"}],"curies":[{"name":"wp","href":"https:\/\/api.w.org\/{rel}","templated":true}]}}