{"id":4799,"date":"2023-12-05T11:45:11","date_gmt":"2023-12-05T10:45:11","guid":{"rendered":"https:\/\/adretmorvan.org\/?p=4799"},"modified":"2023-12-06T13:52:01","modified_gmt":"2023-12-06T12:52:01","slug":"leconomie-sort-du-bois","status":"publish","type":"post","link":"https:\/\/adretmorvan.org\/index.php\/2023\/12\/05\/leconomie-sort-du-bois\/","title":{"rendered":"L&#8217;\u00e9conomie sort du bois"},"content":{"rendered":"\n<p>Une s\u00e9rie en 3 \u00e9pisodes de l&#8217;\u00e9mission <em>Entendez-vous l&#8217;\u00e9co<\/em> sur France Culture.<\/p>\n\n\n\n<p><em>D\u00e9j\u00e0 au Moyen-\u00c2ge, la for\u00eat \u00e9tait arpent\u00e9e pour ses ressources. Toujours pourvoyeuse de bois, et d\u00e9sormais utilis\u00e9e comme variable d&#8217;ajustement face aux \u00e9missions de CO2, elle cristallise plus que jamais des enjeux \u00e9conomiques.<\/em> (extrait de pr\u00e9sentation de la s\u00e9rie de France culture)<\/p>\n\n\n\n<h2 class=\"wp-block-heading\"><a href=\"https:\/\/www.radiofrance.fr\/franceculture\/podcasts\/serie-l-economie-sort-du-bois\" target=\"_blank\" rel=\"noreferrer noopener\">France culture propose 3 podcasts passionnants :<\/a><\/h2>\n\n\n\n<ul class=\"wp-block-list\">\n<li>Quand le Moyen \u00c2ge fait feu de tout bois<\/li>\n<\/ul>\n\n\n\n<ul class=\"wp-block-list\">\n<li>Fili\u00e8re bois, \u00e7a sent le sapin<\/li>\n<\/ul>\n\n\n\n<ul class=\"wp-block-list\">\n<li>Cr\u00e9dit Carbone, l&#8217;appel de la for\u00eat<\/li>\n<\/ul>\n\n\n\n<p>Une s\u00e9rie \u00e0 ne pas rater avec, en prime, des liens int\u00e9ressants en compl\u00e9ment et la participation de quelques amis de la for\u00eat&#8230;<\/p>\n","protected":false},"excerpt":{"rendered":"<p>Une s\u00e9rie en 3 \u00e9pisodes de l&#8217;\u00e9mission Entendez-vous l&#8217;\u00e9co sur France Culture. D\u00e9j\u00e0 au Moyen-\u00c2ge, la for\u00eat \u00e9tait arpent\u00e9e pour ses ressources. Toujours pourvoyeuse de bois, et d\u00e9sormais utilis\u00e9e comme&#8230;<\/p>\n","protected":false},"author":2,"featured_media":4800,"comment_status":"closed","ping_status":"closed","sticky":false,"template":"","format":"standard","meta":{"footnotes":""},"categories":[21,9,32,30,29,4],"tags":[],"class_list":["post-4799","post","type-post","status-publish","format-standard","has-post-thumbnail","hentry","category-a-ecouter","category-docs-reportages","category-energie","category-forets","category-forets-du-morvan","category-infos-ecologie"],"_links":{"self":[{"href":"https:\/\/adretmorvan.org\/index.php\/wp-json\/wp\/v2\/posts\/4799","targetHints":{"allow":["GET"]}}],"collection":[{"href":"https:\/\/adretmorvan.org\/index.php\/wp-json\/wp\/v2\/posts"}],"about":[{"href":"https:\/\/adretmorvan.org\/index.php\/wp-json\/wp\/v2\/types\/post"}],"author":[{"embeddable":true,"href":"https:\/\/adretmorvan.org\/index.php\/wp-json\/wp\/v2\/users\/2"}],"replies":[{"embeddable":true,"href":"https:\/\/adretmorvan.org\/index.php\/wp-json\/wp\/v2\/comments?post=4799"}],"version-history":[{"count":7,"href":"https:\/\/adretmorvan.org\/index.php\/wp-json\/wp\/v2\/posts\/4799\/revisions"}],"predecessor-version":[{"id":4815,"href":"https:\/\/adretmorvan.org\/index.php\/wp-json\/wp\/v2\/posts\/4799\/revisions\/4815"}],"wp:featuredmedia":[{"embeddable":true,"href":"https:\/\/adretmorvan.org\/index.php\/wp-json\/wp\/v2\/media\/4800"}],"wp:attachment":[{"href":"https:\/\/adretmorvan.org\/index.php\/wp-json\/wp\/v2\/media?parent=4799"}],"wp:term":[{"taxonomy":"category","embeddable":true,"href":"https:\/\/adretmorvan.org\/index.php\/wp-json\/wp\/v2\/categories?post=4799"},{"taxonomy":"post_tag","embeddable":true,"href":"https:\/\/adretmorvan.org\/index.php\/wp-json\/wp\/v2\/tags?post=4799"}],"curies":[{"name":"wp","href":"https:\/\/api.w.org\/{rel}","templated":true}]}}