{"id":3909,"date":"2022-10-12T14:50:11","date_gmt":"2022-10-12T12:50:11","guid":{"rendered":"https:\/\/adretmorvan.org\/?p=3909"},"modified":"2022-10-12T16:53:32","modified_gmt":"2022-10-12T14:53:32","slug":"le-dernier-des-laitiers-a-chatillon-en-bazois","status":"publish","type":"post","link":"https:\/\/adretmorvan.org\/index.php\/2022\/10\/12\/le-dernier-des-laitiers-a-chatillon-en-bazois\/","title":{"rendered":"Le dernier des laitiers \u00e0 Ch\u00e2tillon-en-Bazois"},"content":{"rendered":"\n<p>Film\/d\u00e9bat \u00e0 Ch\u00e2tillon en Bazois, co-organis\u00e9e entre autres avec Attac 58, la Conf&#8217; dans le cadre du festival AlimenTerre.<\/p>\n\n\n\n<figure class=\"wp-block-image size-full\"><img fetchpriority=\"high\" decoding=\"async\" width=\"452\" height=\"640\" src=\"https:\/\/adretmorvan.org\/wp-content\/uploads\/2022\/10\/Flyer-Festival-AlimenTerre.png\" alt=\"\" class=\"wp-image-3910\" srcset=\"https:\/\/adretmorvan.org\/wp-content\/uploads\/2022\/10\/Flyer-Festival-AlimenTerre.png 452w, https:\/\/adretmorvan.org\/wp-content\/uploads\/2022\/10\/Flyer-Festival-AlimenTerre-212x300.png 212w\" sizes=\"(max-width: 452px) 100vw, 452px\" \/><\/figure>\n","protected":false},"excerpt":{"rendered":"<p>Film\/d\u00e9bat \u00e0 Ch\u00e2tillon en Bazois, co-organis\u00e9e entre autres avec Attac 58, la Conf&#8217; dans le cadre du festival AlimenTerre.<\/p>\n","protected":false},"author":2,"featured_media":0,"comment_status":"closed","ping_status":"closed","sticky":false,"template":"","format":"standard","meta":{"footnotes":""},"categories":[1],"tags":[],"class_list":["post-3909","post","type-post","status-publish","format-standard","hentry","category-non-classe"],"_links":{"self":[{"href":"https:\/\/adretmorvan.org\/index.php\/wp-json\/wp\/v2\/posts\/3909","targetHints":{"allow":["GET"]}}],"collection":[{"href":"https:\/\/adretmorvan.org\/index.php\/wp-json\/wp\/v2\/posts"}],"about":[{"href":"https:\/\/adretmorvan.org\/index.php\/wp-json\/wp\/v2\/types\/post"}],"author":[{"embeddable":true,"href":"https:\/\/adretmorvan.org\/index.php\/wp-json\/wp\/v2\/users\/2"}],"replies":[{"embeddable":true,"href":"https:\/\/adretmorvan.org\/index.php\/wp-json\/wp\/v2\/comments?post=3909"}],"version-history":[{"count":0,"href":"https:\/\/adretmorvan.org\/index.php\/wp-json\/wp\/v2\/posts\/3909\/revisions"}],"wp:attachment":[{"href":"https:\/\/adretmorvan.org\/index.php\/wp-json\/wp\/v2\/media?parent=3909"}],"wp:term":[{"taxonomy":"category","embeddable":true,"href":"https:\/\/adretmorvan.org\/index.php\/wp-json\/wp\/v2\/categories?post=3909"},{"taxonomy":"post_tag","embeddable":true,"href":"https:\/\/adretmorvan.org\/index.php\/wp-json\/wp\/v2\/tags?post=3909"}],"curies":[{"name":"wp","href":"https:\/\/api.w.org\/{rel}","templated":true}]}}