{"id":3846,"date":"2022-10-04T14:36:59","date_gmt":"2022-10-04T12:36:59","guid":{"rendered":"https:\/\/adretmorvan.org\/?p=3846"},"modified":"2022-10-04T21:46:26","modified_gmt":"2022-10-04T19:46:26","slug":"un-grand-pas-contre-la-deforestation-vient-detre-franchi-au-parlement-europeen","status":"publish","type":"post","link":"https:\/\/adretmorvan.org\/index.php\/2022\/10\/04\/un-grand-pas-contre-la-deforestation-vient-detre-franchi-au-parlement-europeen\/","title":{"rendered":"Un grand pas contre la d\u00e9forestation vient d&#8217;\u00eatre franchi au parlement Europ\u00e9en"},"content":{"rendered":"\n<p>L&#8217;association Canop\u00e9e nous en dit plus sur une grande avanc\u00e9e dans la lutte contre la d\u00e9forestation import\u00e9e. L&#8217;enjeu est de tracer correctement les importations de produits susceptibles d&#8217;\u00eatre issus de la d\u00e9forestation comme le soja, l&#8217;huile de palme, cuir, viande etc. et d&#8217;interdire \u00e0 l&#8217;importation europ\u00e9enne tous ceux issus de d\u00e9forestation (et quelques territoires non forestiers sensibles). <\/p>\n\n\n\n<p>Reste une phase de concertation entre Commission, Parlement et \u00c9tats qui reste \u00e0 risques : la commission et les \u00c9tats restant plus \u00e0 l&#8217;\u00e9coute des lobbies.<\/p>\n\n\n\n<p>La vid\u00e9o de Canop\u00e9e qui explique tout :<\/p>\n\n\n\n<figure class=\"wp-block-embed is-type-video is-provider-youtube wp-block-embed-youtube wp-embed-aspect-16-9 wp-has-aspect-ratio\"><div class=\"wp-block-embed__wrapper\">\n<iframe title=\"Loi contre la d\u00e9forestation: on a (presque) gagn\u00e9 !\" width=\"640\" height=\"360\" src=\"https:\/\/www.youtube.com\/embed\/dnu6iRqW4-Y?feature=oembed\" frameborder=\"0\" allow=\"accelerometer; autoplay; clipboard-write; encrypted-media; gyroscope; picture-in-picture; web-share\" referrerpolicy=\"strict-origin-when-cross-origin\" allowfullscreen><\/iframe>\n<\/div><\/figure>\n","protected":false},"excerpt":{"rendered":"<p>L&#8217;association Canop\u00e9e nous en dit plus sur une grande avanc\u00e9e dans la lutte contre la d\u00e9forestation import\u00e9e. L&#8217;enjeu est de tracer correctement les importations de produits susceptibles d&#8217;\u00eatre issus de&#8230;<\/p>\n","protected":false},"author":2,"featured_media":3863,"comment_status":"closed","ping_status":"closed","sticky":false,"template":"","format":"standard","meta":{"footnotes":""},"categories":[3,30,4],"tags":[],"class_list":["post-3846","post","type-post","status-publish","format-standard","has-post-thumbnail","hentry","category-actions","category-forets","category-infos-ecologie"],"_links":{"self":[{"href":"https:\/\/adretmorvan.org\/index.php\/wp-json\/wp\/v2\/posts\/3846","targetHints":{"allow":["GET"]}}],"collection":[{"href":"https:\/\/adretmorvan.org\/index.php\/wp-json\/wp\/v2\/posts"}],"about":[{"href":"https:\/\/adretmorvan.org\/index.php\/wp-json\/wp\/v2\/types\/post"}],"author":[{"embeddable":true,"href":"https:\/\/adretmorvan.org\/index.php\/wp-json\/wp\/v2\/users\/2"}],"replies":[{"embeddable":true,"href":"https:\/\/adretmorvan.org\/index.php\/wp-json\/wp\/v2\/comments?post=3846"}],"version-history":[{"count":0,"href":"https:\/\/adretmorvan.org\/index.php\/wp-json\/wp\/v2\/posts\/3846\/revisions"}],"wp:featuredmedia":[{"embeddable":true,"href":"https:\/\/adretmorvan.org\/index.php\/wp-json\/wp\/v2\/media\/3863"}],"wp:attachment":[{"href":"https:\/\/adretmorvan.org\/index.php\/wp-json\/wp\/v2\/media?parent=3846"}],"wp:term":[{"taxonomy":"category","embeddable":true,"href":"https:\/\/adretmorvan.org\/index.php\/wp-json\/wp\/v2\/categories?post=3846"},{"taxonomy":"post_tag","embeddable":true,"href":"https:\/\/adretmorvan.org\/index.php\/wp-json\/wp\/v2\/tags?post=3846"}],"curies":[{"name":"wp","href":"https:\/\/api.w.org\/{rel}","templated":true}]}}