{"id":3803,"date":"2022-09-19T14:34:49","date_gmt":"2022-09-19T12:34:49","guid":{"rendered":"https:\/\/adretmorvan.org\/?p=3803"},"modified":"2022-09-19T16:17:43","modified_gmt":"2022-09-19T14:17:43","slug":"foret-et-societe-quelles-adaptations-face-au-changement-climatique","status":"publish","type":"post","link":"https:\/\/adretmorvan.org\/index.php\/2022\/09\/19\/foret-et-societe-quelles-adaptations-face-au-changement-climatique\/","title":{"rendered":"D\u00e9bat le 22\/09 : For\u00eat et soci\u00e9t\u00e9 : quelles adaptations face au changement climatique ?"},"content":{"rendered":"\n<p>Un d\u00e9bat public ouvert \u00e0 tou.te.s. Malgr\u00e9 la consultation de SOS for\u00eat et du Chat sauvage dans l&#8217;organisation du d\u00e9bat, la liste des invit\u00e9s (pas tout \u00e0 fait boucl\u00e9e) reste assez sage&#8230; On vous invite donc \u00e0 participer pour porter la bonne parole pendant le d\u00e9bat. Une place importante devrait \u00eatre donn\u00e9e \u00e0 la salle.<\/p>\n\n\n\n<h2 class=\"wp-block-heading\">Jeudi 22 septembre 2022 de 19h \u00e0 22h<\/h2>\n\n\n\n<p>Groupe Charlois<br>B\u00e2timent La Grange &#8211; Le Bourg<br>58700 Murlin<\/p>\n\n\n\n<p><\/p>\n\n\n\n<p><strong><em><a href=\"https:\/\/docs.google.com\/forms\/d\/e\/1FAIpQLSdepeH8J2bOLNcaQDtkKhRS_YWuHrHw-eDmi8JafJB85wc6Jg\/viewform\" target=\"_blank\" rel=\"noreferrer noopener\">D\u00e9tails et inscriptions ici :<\/a><\/em><\/strong><\/p>\n\n\n\n<p>En France, les for\u00eats couvrent 31%* du territoire. Elles jouent un r\u00f4le majeur tant dans notre soci\u00e9t\u00e9 que dans les \u00e9cosyst\u00e8mes et doivent faire face \u00e0 des d\u00e9fis soci\u00e9taux et environnementaux aux \u00e9chelles locales et globales.<\/p>\n\n\n\n<p>Les for\u00eats, \u00e0 l\u2019origine de services \u00e9cosyst\u00e9miques, sont affect\u00e9es par les changements climatiques, \u00e0 travers des modifications tendancielles fortes mais \u00e9galement \u00e0 travers l\u2019augmentation de la fr\u00e9quence d\u2019al\u00e9as tels que s\u00e9cheresses et canicules, incendies, etc. Face \u00e0 ces constats, la n\u00e9cessit\u00e9 de pr\u00e9server la for\u00eat s\u2019est impos\u00e9e. Afin d\u2019appr\u00e9hender ces d\u00e9fis, il est n\u00e9cessaire de revenir sur l\u2019Histoire des relations entre for\u00eat et soci\u00e9t\u00e9 avant de diriger le regard vers le futur.<\/p>\n\n\n\n<h3 class=\"wp-block-heading\">#1 Quelle Histoire entre soci\u00e9t\u00e9 et for\u00eat depuis ces 20 000 derni\u00e8res ann\u00e9es?<\/h3>\n\n\n\n<p>Comment la for\u00eat a t-elle \u00e9volu\u00e9? Quelles ont \u00e9t\u00e9 les dynamiques foresti\u00e8res en lien avec les variations climatiques et l&#8217;impact des soci\u00e9t\u00e9s humaines ?<\/p>\n\n\n\n<h3 class=\"wp-block-heading\">#2 Quelle place la for\u00eat occupe t-elle dans la soci\u00e9t\u00e9 d&#8217;aujourd\u2019hui ?<\/h3>\n\n\n\n<p>Quels sont les services \u00e9cosyst\u00e9miques rendus par la for\u00eat? Quel est l&#8217;\u00e9tat actuel<\/p>\n\n\n\n<p>de la for\u00eat?<\/p>\n\n\n\n<h3 class=\"wp-block-heading\">#3 Quels sc\u00e9narios possibles ?<\/h3>\n\n\n\n<p>Comment la soci\u00e9t\u00e9 va-t-elle maintenir les fonctions de la for\u00eat face au<\/p>\n\n\n\n<p>changement climatique ? Comment la soci\u00e9t\u00e9 va s\u2019adapter \u00e0 la for\u00eat de demain ?<\/p>\n\n\n\n<p>Quel changement cela impliquera-t-il ?<\/p>\n\n\n\n<p><\/p>\n","protected":false},"excerpt":{"rendered":"<p>Un d\u00e9bat public ouvert \u00e0 tou.te.s. Malgr\u00e9 la consultation de SOS for\u00eat et du Chat sauvage dans l&#8217;organisation du d\u00e9bat, la liste des invit\u00e9s (pas tout \u00e0 fait boucl\u00e9e) reste&#8230;<\/p>\n","protected":false},"author":2,"featured_media":3805,"comment_status":"closed","ping_status":"closed","sticky":false,"template":"","format":"standard","meta":{"footnotes":""},"categories":[1],"tags":[],"class_list":["post-3803","post","type-post","status-publish","format-standard","has-post-thumbnail","hentry","category-non-classe"],"_links":{"self":[{"href":"https:\/\/adretmorvan.org\/index.php\/wp-json\/wp\/v2\/posts\/3803","targetHints":{"allow":["GET"]}}],"collection":[{"href":"https:\/\/adretmorvan.org\/index.php\/wp-json\/wp\/v2\/posts"}],"about":[{"href":"https:\/\/adretmorvan.org\/index.php\/wp-json\/wp\/v2\/types\/post"}],"author":[{"embeddable":true,"href":"https:\/\/adretmorvan.org\/index.php\/wp-json\/wp\/v2\/users\/2"}],"replies":[{"embeddable":true,"href":"https:\/\/adretmorvan.org\/index.php\/wp-json\/wp\/v2\/comments?post=3803"}],"version-history":[{"count":0,"href":"https:\/\/adretmorvan.org\/index.php\/wp-json\/wp\/v2\/posts\/3803\/revisions"}],"wp:featuredmedia":[{"embeddable":true,"href":"https:\/\/adretmorvan.org\/index.php\/wp-json\/wp\/v2\/media\/3805"}],"wp:attachment":[{"href":"https:\/\/adretmorvan.org\/index.php\/wp-json\/wp\/v2\/media?parent=3803"}],"wp:term":[{"taxonomy":"category","embeddable":true,"href":"https:\/\/adretmorvan.org\/index.php\/wp-json\/wp\/v2\/categories?post=3803"},{"taxonomy":"post_tag","embeddable":true,"href":"https:\/\/adretmorvan.org\/index.php\/wp-json\/wp\/v2\/tags?post=3803"}],"curies":[{"name":"wp","href":"https:\/\/api.w.org\/{rel}","templated":true}]}}