{"id":3668,"date":"2022-08-02T20:39:27","date_gmt":"2022-08-02T18:39:27","guid":{"rendered":"https:\/\/adretmorvan.org\/?p=3668"},"modified":"2022-08-02T20:56:56","modified_gmt":"2022-08-02T18:56:56","slug":"cafe-eau-et-foret-vendredi-5-aout-au-carrouege-avec-deux-deputes-nupes","status":"publish","type":"post","link":"https:\/\/adretmorvan.org\/index.php\/2022\/08\/02\/cafe-eau-et-foret-vendredi-5-aout-au-carrouege-avec-deux-deputes-nupes\/","title":{"rendered":"Caf\u00e9 &#8220;Eau et for\u00eat&#8221; vendredi 5 ao\u00fbt au Carrou\u00e8ge avec deux d\u00e9put\u00e9s Nupes"},"content":{"rendered":"\n<p>Les feux de for\u00eats et les p\u00e9nuries d&#8217;eau sont-ils une fatalit\u00e9 ? Les surfaces incendi\u00e9es ont \u00e9t\u00e9 multipli\u00e9s par dix ces derni\u00e8res d\u00e9cennies en France. Plus aucun territoire n&#8217;est \u00e0 l&#8217;abri. Les mesures de restriction d&#8217;eau deviennent habituelles. Nous ne luttons pas assez contre le r\u00e9chauffement climatique, c&#8217;est certain. Qu&#8217;en est-il de ses cons\u00e9quences ? Quels moyens pour prot\u00e9ger et pour r\u00e9parer ? Que peuvent faire les \u00e9lus ? <br>C&#8217;est autour de ces questions qu&#8217;Adret Morvan vous invite \u00e0 venir \u00e9changer vendredi 5 ao\u00fbt \u00e0 partir de 19h au Carrou\u00e8ge, en pr\u00e9sence des d\u00e9put\u00e9s NUPES Antoine L\u00e9aument et Thomas Portes, en visite dans la Ni\u00e8vre.<\/p>\n\n\n\n<p><strong>Petite restauration \u00e0 la suite du caf\u00e9 for\u00eat<\/strong><\/p>\n\n\n\n<figure class=\"wp-block-image size-large\"><img fetchpriority=\"high\" decoding=\"async\" width=\"1024\" height=\"576\" src=\"https:\/\/adretmorvan.org\/wp-content\/uploads\/2022\/08\/Antoine-Leaument-et-Thomas-Porte-1-1024x576.jpg\" alt=\"\" class=\"wp-image-3674\" srcset=\"https:\/\/adretmorvan.org\/wp-content\/uploads\/2022\/08\/Antoine-Leaument-et-Thomas-Porte-1-1024x576.jpg 1024w, https:\/\/adretmorvan.org\/wp-content\/uploads\/2022\/08\/Antoine-Leaument-et-Thomas-Porte-1-300x169.jpg 300w, https:\/\/adretmorvan.org\/wp-content\/uploads\/2022\/08\/Antoine-Leaument-et-Thomas-Porte-1-768x432.jpg 768w, https:\/\/adretmorvan.org\/wp-content\/uploads\/2022\/08\/Antoine-Leaument-et-Thomas-Porte-1.jpg 1280w\" sizes=\"(max-width: 1024px) 100vw, 1024px\" \/><\/figure>\n\n\n\n<p><\/p>\n","protected":false},"excerpt":{"rendered":"<p>Les feux de for\u00eats et les p\u00e9nuries d&#8217;eau sont-ils une fatalit\u00e9 ? Les surfaces incendi\u00e9es ont \u00e9t\u00e9 multipli\u00e9s par dix ces derni\u00e8res d\u00e9cennies en France. Plus aucun territoire n&#8217;est \u00e0&#8230;<\/p>\n","protected":false},"author":7,"featured_media":3672,"comment_status":"closed","ping_status":"closed","sticky":false,"template":"","format":"standard","meta":{"footnotes":""},"categories":[30,29],"tags":[],"class_list":["post-3668","post","type-post","status-publish","format-standard","has-post-thumbnail","hentry","category-forets","category-forets-du-morvan"],"_links":{"self":[{"href":"https:\/\/adretmorvan.org\/index.php\/wp-json\/wp\/v2\/posts\/3668","targetHints":{"allow":["GET"]}}],"collection":[{"href":"https:\/\/adretmorvan.org\/index.php\/wp-json\/wp\/v2\/posts"}],"about":[{"href":"https:\/\/adretmorvan.org\/index.php\/wp-json\/wp\/v2\/types\/post"}],"author":[{"embeddable":true,"href":"https:\/\/adretmorvan.org\/index.php\/wp-json\/wp\/v2\/users\/7"}],"replies":[{"embeddable":true,"href":"https:\/\/adretmorvan.org\/index.php\/wp-json\/wp\/v2\/comments?post=3668"}],"version-history":[{"count":0,"href":"https:\/\/adretmorvan.org\/index.php\/wp-json\/wp\/v2\/posts\/3668\/revisions"}],"wp:featuredmedia":[{"embeddable":true,"href":"https:\/\/adretmorvan.org\/index.php\/wp-json\/wp\/v2\/media\/3672"}],"wp:attachment":[{"href":"https:\/\/adretmorvan.org\/index.php\/wp-json\/wp\/v2\/media?parent=3668"}],"wp:term":[{"taxonomy":"category","embeddable":true,"href":"https:\/\/adretmorvan.org\/index.php\/wp-json\/wp\/v2\/categories?post=3668"},{"taxonomy":"post_tag","embeddable":true,"href":"https:\/\/adretmorvan.org\/index.php\/wp-json\/wp\/v2\/tags?post=3668"}],"curies":[{"name":"wp","href":"https:\/\/api.w.org\/{rel}","templated":true}]}}