{"id":3354,"date":"2022-03-15T22:26:24","date_gmt":"2022-03-15T21:26:24","guid":{"rendered":"https:\/\/adretmorvan.org\/?p=3354"},"modified":"2022-03-15T22:26:49","modified_gmt":"2022-03-15T21:26:49","slug":"apero-foret-vendredi-au-carrouege-retour-sur-les-rencontres-des-luttes-forestieres-de-nestier","status":"publish","type":"post","link":"https:\/\/adretmorvan.org\/index.php\/2022\/03\/15\/apero-foret-vendredi-au-carrouege-retour-sur-les-rencontres-des-luttes-forestieres-de-nestier\/","title":{"rendered":"Ap\u00e9ro-for\u00eat vendredi au Carrou\u00e8ge : retour sur la Rencontre des luttes foresti\u00e8res de Nestier\u00a0"},"content":{"rendered":"\n<p><strong>Coupes rases, industrialisation, enr\u00e9sinement&#8230; Sommes-nous seuls, d\u00e9sarm\u00e9s face aux agressions que subit la for\u00eat ? Non ! Partout en France, des collectifs r\u00e9sistent. Ils se sont rassembl\u00e9s dans les Pyr\u00e9n\u00e9es du 10 au 13 mars pour la premi\u00e8re Rencontre des luttes foresti\u00e8res. Une d\u00e9l\u00e9gation morvandelle en revient revigor\u00e9e et vous racontera tout vendredi \u00e0 partir de 18h avec un ap\u00e9ro-for\u00eat qui tombe \u00e0 pic pour la r\u00e9ouverture du Carrou\u00e8ge.\u00a0\u00a0<\/strong><\/p>\n\n\n\n<p>Apr\u00e8s l&#8217;acte 1 de l&#8217;<em>Appel pour des for\u00eats vivantes<\/em> qui avait pris la forme d&#8217;une tribune largement diffus\u00e9e dans les m\u00e9dias, l&#8217;acte 2, la premi\u00e8re <em>Rencontre des luttes foresti\u00e8res<\/em> avait pour but de r\u00e9unir les signataires ainsi que celleux qui voulaient les rejoindre pour coordonner les actions sur les territoires. Gr\u00e2ce au collectif Touche pas \u00e0 ma for\u00eat, l&#8217;\u00e9v\u00e9nement a pu se tenir \u00e0 Nestier (Hautes-Pyr\u00e9n\u00e9es), non loin du site du grand projet inutile de Lannemezan.&nbsp;<\/p>\n\n\n\n<p>Val\u00e9rie Bernadat, porte-parole de l&#8217;association la Bresseille qui d\u00e9fend le Mont Touleur, Fr\u00e9d\u00e9ric Beaucher, g\u00e9rant du groupement forestier Le Chat Sauvage, Marie-Anne Guillemain et R\u00e9gis Lindeperg, copr\u00e9sidents d&#8217;Adret Morvan, ont pu \u00e9changer avec les repr\u00e9sentants de plus de 40 collectifs venus de toute la France. Pendant trois jours, 120 personnes, militants associatifs, professionnels, repr\u00e9sentants syndicaux, universitaires, tous engag\u00e9s dans la lutte pour sauver les for\u00eats fran\u00e7aises, ont partag\u00e9 leurs exp\u00e9riences, approfondi leurs savoirs, d\u00e9fini des objectifs commun et confirm\u00e9 que oui, il y aura un acte 3 !&nbsp;<\/p>\n\n\n\n<p>Pour savoir o\u00f9 nous en sommes, comment participer au mouvement et aussi recueillir les derni\u00e8res actualit\u00e9s foresti\u00e8res en Morvan, venez nombreux vendredi \u00e0 l&#8217;ap\u00e9ro-for\u00eat du Carrou\u00e8ge agr\u00e9ment\u00e9 de quelques tartines pour ceux qui le souhaitent !<\/p>\n","protected":false},"excerpt":{"rendered":"<p>Coupes rases, industrialisation, enr\u00e9sinement&#8230; Sommes-nous seuls, d\u00e9sarm\u00e9s face aux agressions que subit la for\u00eat ? Non ! Partout en France, des collectifs r\u00e9sistent. Ils se sont rassembl\u00e9s dans les Pyr\u00e9n\u00e9es&#8230;<\/p>\n","protected":false},"author":7,"featured_media":3338,"comment_status":"closed","ping_status":"closed","sticky":false,"template":"","format":"standard","meta":{"footnotes":""},"categories":[1],"tags":[27,28],"class_list":["post-3354","post","type-post","status-publish","format-standard","has-post-thumbnail","hentry","category-non-classe","tag-foret","tag-luttes"],"_links":{"self":[{"href":"https:\/\/adretmorvan.org\/index.php\/wp-json\/wp\/v2\/posts\/3354","targetHints":{"allow":["GET"]}}],"collection":[{"href":"https:\/\/adretmorvan.org\/index.php\/wp-json\/wp\/v2\/posts"}],"about":[{"href":"https:\/\/adretmorvan.org\/index.php\/wp-json\/wp\/v2\/types\/post"}],"author":[{"embeddable":true,"href":"https:\/\/adretmorvan.org\/index.php\/wp-json\/wp\/v2\/users\/7"}],"replies":[{"embeddable":true,"href":"https:\/\/adretmorvan.org\/index.php\/wp-json\/wp\/v2\/comments?post=3354"}],"version-history":[{"count":0,"href":"https:\/\/adretmorvan.org\/index.php\/wp-json\/wp\/v2\/posts\/3354\/revisions"}],"wp:featuredmedia":[{"embeddable":true,"href":"https:\/\/adretmorvan.org\/index.php\/wp-json\/wp\/v2\/media\/3338"}],"wp:attachment":[{"href":"https:\/\/adretmorvan.org\/index.php\/wp-json\/wp\/v2\/media?parent=3354"}],"wp:term":[{"taxonomy":"category","embeddable":true,"href":"https:\/\/adretmorvan.org\/index.php\/wp-json\/wp\/v2\/categories?post=3354"},{"taxonomy":"post_tag","embeddable":true,"href":"https:\/\/adretmorvan.org\/index.php\/wp-json\/wp\/v2\/tags?post=3354"}],"curies":[{"name":"wp","href":"https:\/\/api.w.org\/{rel}","templated":true}]}}