{"id":2746,"date":"2016-06-10T12:12:08","date_gmt":"2016-06-10T10:12:08","guid":{"rendered":"https:\/\/adretmorvan.org\/?p=2746"},"modified":"2021-04-10T22:34:57","modified_gmt":"2021-04-10T20:34:57","slug":"entre-cimes-et-racines-n2-duree-6000-6","status":"publish","type":"post","link":"https:\/\/adretmorvan.org\/index.php\/2016\/06\/10\/entre-cimes-et-racines-n2-duree-6000-6\/","title":{"rendered":"Entre cimes et racines n\u00b07 (dur\u00e9e : 57\u201935)"},"content":{"rendered":"\n<h2 class=\"wp-block-heading\"><strong>Une formation pas comme les autres<\/strong><\/h2>\n\n\n\n<p>Fin novembre 2011, une forte agitation perturbe la circulation sur une petite route menant de Digne au col de Corobin (04). Une conf\u00e9rence de presse se tient en plein air, tandis que dans la for\u00eat bordant la route se d\u00e9roule une d\u00e9monstration pratique du travail men\u00e9 dans la cadre d\u2019une formation &#8220;d\u2019Eco-gestionnaires r\u00e9coltants forestiers&#8221;.<br>Celle-ci, une premi\u00e8re en France, propos\u00e9e par le Centre de Formation Professionnelle agricole de Carm\u00e9jane, pr\u00e9sente aux stagiaires toute la cha\u00eene allant d\u2019une connaissance de l\u2019\u00e9colo-syst\u00e8me \u00e0 la commercialisation des produits de la for\u00eat, en passant par la s\u00e9lection, l\u2019abattage et le d\u00e9bardage des arbres.<\/p>\n\n\n\n<figure class=\"wp-block-audio\"><audio controls src=\"https:\/\/adretmorvan.org\/wp-content\/uploads\/2021\/04\/entre-cimes-et-racines-7.mp3\"><\/audio><\/figure>\n","protected":false},"excerpt":{"rendered":"<p>Une formation pas comme les autres Fin novembre 2011, une forte agitation perturbe la circulation sur une petite route menant de Digne au col de Corobin (04). Une conf\u00e9rence de&#8230;<\/p>\n","protected":false},"author":2,"featured_media":0,"comment_status":"closed","ping_status":"closed","sticky":false,"template":"","format":"standard","meta":{"footnotes":""},"categories":[20],"tags":[],"class_list":["post-2746","post","type-post","status-publish","format-standard","hentry","category-radios"],"_links":{"self":[{"href":"https:\/\/adretmorvan.org\/index.php\/wp-json\/wp\/v2\/posts\/2746","targetHints":{"allow":["GET"]}}],"collection":[{"href":"https:\/\/adretmorvan.org\/index.php\/wp-json\/wp\/v2\/posts"}],"about":[{"href":"https:\/\/adretmorvan.org\/index.php\/wp-json\/wp\/v2\/types\/post"}],"author":[{"embeddable":true,"href":"https:\/\/adretmorvan.org\/index.php\/wp-json\/wp\/v2\/users\/2"}],"replies":[{"embeddable":true,"href":"https:\/\/adretmorvan.org\/index.php\/wp-json\/wp\/v2\/comments?post=2746"}],"version-history":[{"count":0,"href":"https:\/\/adretmorvan.org\/index.php\/wp-json\/wp\/v2\/posts\/2746\/revisions"}],"wp:attachment":[{"href":"https:\/\/adretmorvan.org\/index.php\/wp-json\/wp\/v2\/media?parent=2746"}],"wp:term":[{"taxonomy":"category","embeddable":true,"href":"https:\/\/adretmorvan.org\/index.php\/wp-json\/wp\/v2\/categories?post=2746"},{"taxonomy":"post_tag","embeddable":true,"href":"https:\/\/adretmorvan.org\/index.php\/wp-json\/wp\/v2\/tags?post=2746"}],"curies":[{"name":"wp","href":"https:\/\/api.w.org\/{rel}","templated":true}]}}