{"id":2741,"date":"2016-11-10T12:16:19","date_gmt":"2016-11-10T11:16:19","guid":{"rendered":"https:\/\/adretmorvan.org\/?p=2741"},"modified":"2021-04-10T23:12:54","modified_gmt":"2021-04-10T21:12:54","slug":"entre-cimes-et-racines-n2-duree-6000-12","status":"publish","type":"post","link":"https:\/\/adretmorvan.org\/index.php\/2016\/11\/10\/entre-cimes-et-racines-n2-duree-6000-12\/","title":{"rendered":"Entre cimes et racines n\u00b013 (dur\u00e9e : 59\u201956)"},"content":{"rendered":"\n<h2 class=\"wp-block-heading\">Les dynamiques foresti\u00e8res<\/h2>\n\n\n\n<p>Depuis sa cr\u00e9ation en 2008, le R\u00e9seau pour les Alternatives Foresti\u00e8res tente de f\u00e9d\u00e9rer des initiatives qui favorisent une gestion foresti\u00e8re qui respecte les \u00e9cosyst\u00e8mes et les personnes qui y travaillent. Souvent, il faut aussi se mobiliser contre des menaces.<br><strong>Entretiens avec\u00a0:<\/strong><br>Ga\u00ebl, Leslie et Vincent de Nature sur un Plateau, un collectif qui s\u2019oppose aux monocultures de r\u00e9sineux et aux coupes rases sur le Plateau de Millevaches en Limousin<br>Roger Ramond du Groupement Forestier du Pic Noir qui regroupe plusieurs familles qui ont achet\u00e9 ensemble une for\u00eat<br>Claude Calvet du collectif \u00e0 Gardanne oppos\u00e9 \u00e0 la m\u00e9gacentrale \u00e0 biomasse pr\u00e9vue par l\u2019entreprise E.On<br>Trois \u00e9lus de la r\u00e9gion Luberon-Lure pr\u00e9senent la motion contre ce projet adopt\u00e9e par plusieurs collectivit\u00e9s<br><a href=\"https:\/\/www.alternativesforestieres.org\/IMG\/mp3\/461_entre_cimes_et_racines_12.mp3\"><\/a><\/p>\n\n\n\n<p>\u00a0<\/p>\n\n\n\n<figure class=\"wp-block-audio\"><audio controls src=\"https:\/\/adretmorvan.org\/wp-content\/uploads\/2021\/04\/Entre_cimes_et_racines_13.mp3\"><\/audio><\/figure>\n","protected":false},"excerpt":{"rendered":"<p>Les dynamiques foresti\u00e8res Depuis sa cr\u00e9ation en 2008, le R\u00e9seau pour les Alternatives Foresti\u00e8res tente de f\u00e9d\u00e9rer des initiatives qui favorisent une gestion foresti\u00e8re qui respecte les \u00e9cosyst\u00e8mes et les&#8230;<\/p>\n","protected":false},"author":2,"featured_media":0,"comment_status":"closed","ping_status":"closed","sticky":false,"template":"","format":"standard","meta":{"footnotes":""},"categories":[20],"tags":[],"class_list":["post-2741","post","type-post","status-publish","format-standard","hentry","category-radios"],"_links":{"self":[{"href":"https:\/\/adretmorvan.org\/index.php\/wp-json\/wp\/v2\/posts\/2741","targetHints":{"allow":["GET"]}}],"collection":[{"href":"https:\/\/adretmorvan.org\/index.php\/wp-json\/wp\/v2\/posts"}],"about":[{"href":"https:\/\/adretmorvan.org\/index.php\/wp-json\/wp\/v2\/types\/post"}],"author":[{"embeddable":true,"href":"https:\/\/adretmorvan.org\/index.php\/wp-json\/wp\/v2\/users\/2"}],"replies":[{"embeddable":true,"href":"https:\/\/adretmorvan.org\/index.php\/wp-json\/wp\/v2\/comments?post=2741"}],"version-history":[{"count":0,"href":"https:\/\/adretmorvan.org\/index.php\/wp-json\/wp\/v2\/posts\/2741\/revisions"}],"wp:attachment":[{"href":"https:\/\/adretmorvan.org\/index.php\/wp-json\/wp\/v2\/media?parent=2741"}],"wp:term":[{"taxonomy":"category","embeddable":true,"href":"https:\/\/adretmorvan.org\/index.php\/wp-json\/wp\/v2\/categories?post=2741"},{"taxonomy":"post_tag","embeddable":true,"href":"https:\/\/adretmorvan.org\/index.php\/wp-json\/wp\/v2\/tags?post=2741"}],"curies":[{"name":"wp","href":"https:\/\/api.w.org\/{rel}","templated":true}]}}