{"id":2508,"date":"2021-02-10T21:37:12","date_gmt":"2021-02-10T20:37:12","guid":{"rendered":"https:\/\/adretmorvan.org\/?p=2508"},"modified":"2021-02-10T21:37:15","modified_gmt":"2021-02-10T20:37:15","slug":"massacre-a-la-tronconneuse","status":"publish","type":"post","link":"https:\/\/adretmorvan.org\/index.php\/2021\/02\/10\/massacre-a-la-tronconneuse\/","title":{"rendered":"Massacre \u00e0 la tron\u00e7onneuse"},"content":{"rendered":"\n<p>La for\u00eat commence \u00e0 faire parler d&#8217;elle! Les livres sur le sujet se multiplient. En t\u00e9moigne ce <em>Massacre \u00e0 la tron\u00e7onneuse<\/em> de Thierry Gadault et Hugues Demeude paru aux \u00e9ditions du Cherche-Midi en novembre dernier. Une enqu\u00eate richement document\u00e9e qui explique comment l&#8217;\u00c9tat sacrifie nos for\u00eats.<\/p>\n\n\n\n<p>Ci-dessous le communiqu\u00e9 de presse : <\/p>\n\n\n\n<p>&#8220;28 % du territoire fran\u00e7ais sont constitu\u00e9s de for\u00eats. Soit pr\u00e8s de 17 millions d\u2019hectares.<br>Un patrimoine consid\u00e9rable aux multiples bienfaits \u2013 biodiversit\u00e9, filtration de l\u2019eau potable, \u00e9puration de l\u2019air et stockage d\u2019une partie du carbone en exc\u00e8s dans l\u2019atmosph\u00e8re\u2026 Mais aussi et tout simplement : patrimoine fran\u00e7ais et lieu de connexion indispensable avec la nature.<br>Pourtant, la for\u00eat fran\u00e7aise est en grande d\u00e9tresse&#8230;<\/p>\n\n\n\n<p>Surexploitation, faillite de l\u2019Office national de la for\u00eat (ONF) doubl\u00e9e d\u2019un projet de d\u00e9mant\u00e8lement, crise \u00e9conomique de la fili\u00e8re nationale bois-for\u00eat, menaces biologiques qui se multiplient, menaces du r\u00e9chauffement climatique, avec de nouveaux types d\u2019incendies.<br>Sourd aux alertes venues de toutes parts, l\u2019\u00c9tat est en train de mettre \u00e0 bas la politique multi-centenaire qui avait permis de reconstituer progressivement nos massifs forestiers. Au motif d\u2019augmenter fortement la capacit\u00e9 de la fili\u00e8re for\u00eat-bois \u00e0 cr\u00e9er de la valeur ajout\u00e9e, \u00e0 marche forc\u00e9e, la France dilapide un h\u00e9ritage aussi pr\u00e9cieux que fragile. C\u2019est oublier que la for\u00eat est l\u2019une de nos meilleures armes pour lutter contre le r\u00e9chauffement climatique, et qu\u2019une gestion durable permettrait de conjuguer de fa\u00e7on harmonieuse sa vocation \u00e9conomique, culturelle et environnementale. Surexploitation massive et anarchique de la for\u00eat, fragilisation de la ressource, nouvelles menaces biologiques, impacts du changement climatiques : la for\u00eat fran\u00e7aise n\u2019a jamais \u00e9t\u00e9 aussi menac\u00e9e ! Enqu\u00eate\u2026&#8221;<\/p>\n\n\n\n<p><em>Thierry Gadault, 55 ans, est un journaliste d\u2019investigation ind\u00e9pendant (<\/em><em>Capital<\/em><em>, Le <\/em><em>JDD<\/em><em>, Marianne\u2026), sp\u00e9cialiste du domaine de l\u2019\u00e9nergie. Il a notamment publi\u00e9 <\/em><em>EDF, la bombe \u00e0 retardement<\/em><em> (First, 2014).<\/em><\/p>\n\n\n\n<p><em>Hugues Demeude, 50 ans, est enqu\u00eateur et r\u00e9alisateur de documentaires sur des th\u00e9matiques soci\u00e9t\u00e9 et environnement. Ils sont ensemble les auteurs de <\/em><em>Nucl\u00e9aire, danger imm\u00e9diat <\/em><em>(Flammarion, 2018).<\/em><\/p>\n\n\n\n<p>Collection \u00ab Documents\u00a0\u00bb<br>18\u20ac &#8211; 224 pages (140&#215;220)<\/p>\n\n\n\n<p><\/p>\n\n\n\n<p><\/p>\n\n\n\n<p>Pour acheter le livre sur la plateforme de l&#8217;\u00e9diteur, <a href=\"https:\/\/www.lisez.com\/livre-grand-format\/massacre-a-la-tronconneuse-climat-parasites-crise-budgetaire-nos-forets-en-etat-durgence\/9782749165738\" data-type=\"URL\" data-id=\"https:\/\/www.lisez.com\/livre-grand-format\/massacre-a-la-tronconneuse-climat-parasites-crise-budgetaire-nos-forets-en-etat-durgence\/9782749165738\" target=\"_blank\" rel=\"noreferrer noopener\">cliquez ici<\/a><\/p>\n\n\n\n<p><\/p>\n","protected":false},"excerpt":{"rendered":"<p>La for\u00eat commence \u00e0 faire parler d&#8217;elle! Les livres sur le sujet se multiplient. En t\u00e9moigne ce Massacre \u00e0 la tron\u00e7onneuse de Thierry Gadault et Hugues Demeude paru aux \u00e9ditions&#8230;<\/p>\n","protected":false},"author":2,"featured_media":2509,"comment_status":"closed","ping_status":"closed","sticky":false,"template":"","format":"standard","meta":{"footnotes":""},"categories":[12],"tags":[],"class_list":["post-2508","post","type-post","status-publish","format-standard","has-post-thumbnail","hentry","category-a-lire"],"_links":{"self":[{"href":"https:\/\/adretmorvan.org\/index.php\/wp-json\/wp\/v2\/posts\/2508","targetHints":{"allow":["GET"]}}],"collection":[{"href":"https:\/\/adretmorvan.org\/index.php\/wp-json\/wp\/v2\/posts"}],"about":[{"href":"https:\/\/adretmorvan.org\/index.php\/wp-json\/wp\/v2\/types\/post"}],"author":[{"embeddable":true,"href":"https:\/\/adretmorvan.org\/index.php\/wp-json\/wp\/v2\/users\/2"}],"replies":[{"embeddable":true,"href":"https:\/\/adretmorvan.org\/index.php\/wp-json\/wp\/v2\/comments?post=2508"}],"version-history":[{"count":0,"href":"https:\/\/adretmorvan.org\/index.php\/wp-json\/wp\/v2\/posts\/2508\/revisions"}],"wp:featuredmedia":[{"embeddable":true,"href":"https:\/\/adretmorvan.org\/index.php\/wp-json\/wp\/v2\/media\/2509"}],"wp:attachment":[{"href":"https:\/\/adretmorvan.org\/index.php\/wp-json\/wp\/v2\/media?parent=2508"}],"wp:term":[{"taxonomy":"category","embeddable":true,"href":"https:\/\/adretmorvan.org\/index.php\/wp-json\/wp\/v2\/categories?post=2508"},{"taxonomy":"post_tag","embeddable":true,"href":"https:\/\/adretmorvan.org\/index.php\/wp-json\/wp\/v2\/tags?post=2508"}],"curies":[{"name":"wp","href":"https:\/\/api.w.org\/{rel}","templated":true}]}}