{"id":1795,"date":"2019-02-14T14:48:25","date_gmt":"2019-02-14T13:48:25","guid":{"rendered":"http:\/\/adretmorvan.org\/?p=1795"},"modified":"2019-02-14T14:48:25","modified_gmt":"2019-02-14T13:48:25","slug":"foret-la-grande-oubliee-du-grand-debat","status":"publish","type":"post","link":"https:\/\/adretmorvan.org\/index.php\/2019\/02\/14\/foret-la-grande-oubliee-du-grand-debat\/","title":{"rendered":"For\u00eat : la grande oubli\u00e9e  du grand d\u00e9bat"},"content":{"rendered":"<p> Lettre ouverte aux conseillers r\u00e9gionaux et aux \u00e9lus du Morvan &#8211; f\u00e9vrier 2019<\/p>\n\n<div class=\"gde-error\">GDE Erreur: L'URL requise n'est pas valide<\/div>\n\n","protected":false},"excerpt":{"rendered":"<p>Lettre ouverte aux conseillers r\u00e9gionaux et aux \u00e9lus du Morvan &#8211; f\u00e9vrier 2019<\/p>\n","protected":false},"author":8,"featured_media":1798,"comment_status":"closed","ping_status":"closed","sticky":false,"template":"","format":"standard","meta":{"footnotes":""},"categories":[],"tags":[],"class_list":["post-1795","post","type-post","status-publish","format-standard","has-post-thumbnail","hentry"],"_links":{"self":[{"href":"https:\/\/adretmorvan.org\/index.php\/wp-json\/wp\/v2\/posts\/1795","targetHints":{"allow":["GET"]}}],"collection":[{"href":"https:\/\/adretmorvan.org\/index.php\/wp-json\/wp\/v2\/posts"}],"about":[{"href":"https:\/\/adretmorvan.org\/index.php\/wp-json\/wp\/v2\/types\/post"}],"author":[{"embeddable":true,"href":"https:\/\/adretmorvan.org\/index.php\/wp-json\/wp\/v2\/users\/8"}],"replies":[{"embeddable":true,"href":"https:\/\/adretmorvan.org\/index.php\/wp-json\/wp\/v2\/comments?post=1795"}],"version-history":[{"count":0,"href":"https:\/\/adretmorvan.org\/index.php\/wp-json\/wp\/v2\/posts\/1795\/revisions"}],"wp:featuredmedia":[{"embeddable":true,"href":"https:\/\/adretmorvan.org\/index.php\/wp-json\/wp\/v2\/media\/1798"}],"wp:attachment":[{"href":"https:\/\/adretmorvan.org\/index.php\/wp-json\/wp\/v2\/media?parent=1795"}],"wp:term":[{"taxonomy":"category","embeddable":true,"href":"https:\/\/adretmorvan.org\/index.php\/wp-json\/wp\/v2\/categories?post=1795"},{"taxonomy":"post_tag","embeddable":true,"href":"https:\/\/adretmorvan.org\/index.php\/wp-json\/wp\/v2\/tags?post=1795"}],"curies":[{"name":"wp","href":"https:\/\/api.w.org\/{rel}","templated":true}]}}