{"id":1751,"date":"2018-11-22T12:02:35","date_gmt":"2018-11-22T11:02:35","guid":{"rendered":"http:\/\/adretmorvan.org\/?p=1751"},"modified":"2018-11-22T12:02:35","modified_gmt":"2018-11-22T11:02:35","slug":"lettre-aux-adherents-17-contrat-regional-foret-bois-lavenir-du-morvan-dans-vos-claviers","status":"publish","type":"post","link":"https:\/\/adretmorvan.org\/index.php\/2018\/11\/22\/lettre-aux-adherents-17-contrat-regional-foret-bois-lavenir-du-morvan-dans-vos-claviers\/","title":{"rendered":"Lettre aux adh\u00e9rents 17 : Contrat r\u00e9gional For\u00eat bois : l\u2019avenir du Morvan dans vos claviers"},"content":{"rendered":"<iframe src=\"\/\/docs.google.com\/viewer?url=http%3A%2F%2Fadretmorvan.org%2Fwp-content%2Fuploads%2F2018%2F11%2Flettre17-v5.pdf&hl=fr&embedded=true\" class=\"gde-frame\" style=\"width:100%; height:500px; border: none;\" scrolling=\"no\"><\/iframe>\n<p class=\"gde-text\"><a href=\"http:\/\/adretmorvan.org\/wp-content\/uploads\/2018\/11\/lettre17-v5.pdf\" class=\"gde-link\">Visualiser (PDF, 98KB)<\/a><\/p>\n","protected":false},"excerpt":{"rendered":"","protected":false},"author":1,"featured_media":1753,"comment_status":"closed","ping_status":"closed","sticky":false,"template":"","format":"standard","meta":{"footnotes":""},"categories":[],"tags":[],"class_list":["post-1751","post","type-post","status-publish","format-standard","has-post-thumbnail","hentry"],"_links":{"self":[{"href":"https:\/\/adretmorvan.org\/index.php\/wp-json\/wp\/v2\/posts\/1751","targetHints":{"allow":["GET"]}}],"collection":[{"href":"https:\/\/adretmorvan.org\/index.php\/wp-json\/wp\/v2\/posts"}],"about":[{"href":"https:\/\/adretmorvan.org\/index.php\/wp-json\/wp\/v2\/types\/post"}],"author":[{"embeddable":true,"href":"https:\/\/adretmorvan.org\/index.php\/wp-json\/wp\/v2\/users\/1"}],"replies":[{"embeddable":true,"href":"https:\/\/adretmorvan.org\/index.php\/wp-json\/wp\/v2\/comments?post=1751"}],"version-history":[{"count":0,"href":"https:\/\/adretmorvan.org\/index.php\/wp-json\/wp\/v2\/posts\/1751\/revisions"}],"wp:featuredmedia":[{"embeddable":true,"href":"https:\/\/adretmorvan.org\/index.php\/wp-json\/wp\/v2\/media\/1753"}],"wp:attachment":[{"href":"https:\/\/adretmorvan.org\/index.php\/wp-json\/wp\/v2\/media?parent=1751"}],"wp:term":[{"taxonomy":"category","embeddable":true,"href":"https:\/\/adretmorvan.org\/index.php\/wp-json\/wp\/v2\/categories?post=1751"},{"taxonomy":"post_tag","embeddable":true,"href":"https:\/\/adretmorvan.org\/index.php\/wp-json\/wp\/v2\/tags?post=1751"}],"curies":[{"name":"wp","href":"https:\/\/api.w.org\/{rel}","templated":true}]}}