{"id":1529,"date":"2017-11-22T18:07:46","date_gmt":"2017-11-22T17:07:46","guid":{"rendered":"http:\/\/adretmorvan.org\/?p=1529"},"modified":"2017-11-22T18:23:19","modified_gmt":"2017-11-22T17:23:19","slug":"on-a-aussi-cause-a-la-radio-locale-fdl-luzy","status":"publish","type":"post","link":"https:\/\/adretmorvan.org\/index.php\/2017\/11\/22\/on-a-aussi-cause-a-la-radio-locale-fdl-luzy\/","title":{"rendered":"On a aussi caus\u00e9 \u00e0 la radio locale ! FDL &#8211; Luzy"},"content":{"rendered":"<p> A l&#8217;occasion de la cr\u00e9ation du Collectif SOS For\u00eat, la radio FDL de Luzy (58170) a invit\u00e9 Cyril, en tant que forestier, et Isabelle, en tant que repr\u00e9sentante des associations environnementales, \u00e0 pr\u00e9senter leur vision commune de la for\u00eat et de la sylviculture. On se rendra compte, \u00e0 les \u00e9couter, que l&#8217;exploitation productiviste ne m\u00e8ne nulle part et cause plus de dommages \u00e0 venir qu&#8217;elle ne r\u00e9soud de probl\u00e8mes \u00e9conomiques pour le pr\u00e9sent. Des alternatives existent, en particulier pour le massif forestier du Parc naturel du Morvan, que la politique foresti\u00e8re r\u00e9gionale sacrifie \u00e0 la production intensive du r\u00e9sineux.<\/p>\n<p>Merci \u00e0\u00a0<a href=\"http:\/\/www.radiofdl.com\/\" target=\"_blank\" rel=\"noopener\">Radio FDL<\/a> !            <\/p>\n","protected":false},"excerpt":{"rendered":"<p>A l&#8217;occasion de la cr\u00e9ation du Collectif SOS For\u00eat, la radio FDL de Luzy (58170) a invit\u00e9 Cyril, en tant que forestier, et Isabelle, en tant que repr\u00e9sentante des associations&#8230;<\/p>\n","protected":false},"author":1,"featured_media":1531,"comment_status":"closed","ping_status":"closed","sticky":false,"template":"","format":"standard","meta":{"footnotes":""},"categories":[],"tags":[],"class_list":["post-1529","post","type-post","status-publish","format-standard","has-post-thumbnail","hentry"],"_links":{"self":[{"href":"https:\/\/adretmorvan.org\/index.php\/wp-json\/wp\/v2\/posts\/1529","targetHints":{"allow":["GET"]}}],"collection":[{"href":"https:\/\/adretmorvan.org\/index.php\/wp-json\/wp\/v2\/posts"}],"about":[{"href":"https:\/\/adretmorvan.org\/index.php\/wp-json\/wp\/v2\/types\/post"}],"author":[{"embeddable":true,"href":"https:\/\/adretmorvan.org\/index.php\/wp-json\/wp\/v2\/users\/1"}],"replies":[{"embeddable":true,"href":"https:\/\/adretmorvan.org\/index.php\/wp-json\/wp\/v2\/comments?post=1529"}],"version-history":[{"count":0,"href":"https:\/\/adretmorvan.org\/index.php\/wp-json\/wp\/v2\/posts\/1529\/revisions"}],"wp:featuredmedia":[{"embeddable":true,"href":"https:\/\/adretmorvan.org\/index.php\/wp-json\/wp\/v2\/media\/1531"}],"wp:attachment":[{"href":"https:\/\/adretmorvan.org\/index.php\/wp-json\/wp\/v2\/media?parent=1529"}],"wp:term":[{"taxonomy":"category","embeddable":true,"href":"https:\/\/adretmorvan.org\/index.php\/wp-json\/wp\/v2\/categories?post=1529"},{"taxonomy":"post_tag","embeddable":true,"href":"https:\/\/adretmorvan.org\/index.php\/wp-json\/wp\/v2\/tags?post=1529"}],"curies":[{"name":"wp","href":"https:\/\/api.w.org\/{rel}","templated":true}]}}