{"id":1096,"date":"2017-04-19T12:41:49","date_gmt":"2017-04-19T11:41:49","guid":{"rendered":"http:\/\/adretmorvan.org\/?p=1096"},"modified":"2017-04-19T12:41:49","modified_gmt":"2017-04-19T11:41:49","slug":"la-foret-low-cost-nest-pas-une-fatalite-rejoignez-nous-reunion-foret-au-carrouege-le-samedi-29-avril-a-10h30","status":"publish","type":"post","link":"https:\/\/adretmorvan.org\/index.php\/2017\/04\/19\/la-foret-low-cost-nest-pas-une-fatalite-rejoignez-nous-reunion-foret-au-carrouege-le-samedi-29-avril-a-10h30\/","title":{"rendered":"La for\u00eat low cost n\u2019est pas une fatalit\u00e9, rejoignez-nous : r\u00e9union FOR\u00caT au Carrou\u00e8ge le samedi 29 avril \u00e0 10h30"},"content":{"rendered":"<p> <img fetchpriority=\"high\" decoding=\"async\" class=\"aligncenter size-full wp-image-1098\" src=\"http:\/\/adretmorvan.org\/wp-content\/uploads\/2017\/04\/tract-resineux-V3.jpg\" alt=\"\" width=\"980\" height=\"1403\" srcset=\"https:\/\/adretmorvan.org\/wp-content\/uploads\/2017\/04\/tract-resineux-V3.jpg 980w, https:\/\/adretmorvan.org\/wp-content\/uploads\/2017\/04\/tract-resineux-V3-210x300.jpg 210w, https:\/\/adretmorvan.org\/wp-content\/uploads\/2017\/04\/tract-resineux-V3-768x1099.jpg 768w, https:\/\/adretmorvan.org\/wp-content\/uploads\/2017\/04\/tract-resineux-V3-715x1024.jpg 715w, https:\/\/adretmorvan.org\/wp-content\/uploads\/2017\/04\/tract-resineux-V3-35x50.jpg 35w\" sizes=\"(max-width: 980px) 100vw, 980px\" \/>            <\/p>\n","protected":false},"excerpt":{"rendered":"","protected":false},"author":1,"featured_media":1097,"comment_status":"closed","ping_status":"open","sticky":false,"template":"","format":"standard","meta":{"footnotes":""},"categories":[],"tags":[],"class_list":["post-1096","post","type-post","status-publish","format-standard","has-post-thumbnail","hentry"],"_links":{"self":[{"href":"https:\/\/adretmorvan.org\/index.php\/wp-json\/wp\/v2\/posts\/1096","targetHints":{"allow":["GET"]}}],"collection":[{"href":"https:\/\/adretmorvan.org\/index.php\/wp-json\/wp\/v2\/posts"}],"about":[{"href":"https:\/\/adretmorvan.org\/index.php\/wp-json\/wp\/v2\/types\/post"}],"author":[{"embeddable":true,"href":"https:\/\/adretmorvan.org\/index.php\/wp-json\/wp\/v2\/users\/1"}],"replies":[{"embeddable":true,"href":"https:\/\/adretmorvan.org\/index.php\/wp-json\/wp\/v2\/comments?post=1096"}],"version-history":[{"count":0,"href":"https:\/\/adretmorvan.org\/index.php\/wp-json\/wp\/v2\/posts\/1096\/revisions"}],"wp:featuredmedia":[{"embeddable":true,"href":"https:\/\/adretmorvan.org\/index.php\/wp-json\/wp\/v2\/media\/1097"}],"wp:attachment":[{"href":"https:\/\/adretmorvan.org\/index.php\/wp-json\/wp\/v2\/media?parent=1096"}],"wp:term":[{"taxonomy":"category","embeddable":true,"href":"https:\/\/adretmorvan.org\/index.php\/wp-json\/wp\/v2\/categories?post=1096"},{"taxonomy":"post_tag","embeddable":true,"href":"https:\/\/adretmorvan.org\/index.php\/wp-json\/wp\/v2\/tags?post=1096"}],"curies":[{"name":"wp","href":"https:\/\/api.w.org\/{rel}","templated":true}]}}